{"id":2957,"date":"2022-09-16T15:33:15","date_gmt":"2022-09-16T18:33:15","guid":{"rendered":"https:\/\/jm-metropole.com.br\/site\/?p=2957"},"modified":"2022-09-16T15:33:15","modified_gmt":"2022-09-16T18:33:15","slug":"cada-vez-mais-perto-obras-no-mercado-municipal-de-guararema-caminham-para-o-fim-e-reinauguracao-ja-esta-marcada","status":"publish","type":"post","link":"https:\/\/jm-metropole.com.br\/site\/cada-vez-mais-perto-obras-no-mercado-municipal-de-guararema-caminham-para-o-fim-e-reinauguracao-ja-esta-marcada\/","title":{"rendered":"Cada vez mais perto: obras no Mercado Municipal de Guararema caminham para o fim e reinaugura\u00e7\u00e3o j\u00e1 est\u00e1 marcada"},"content":{"rendered":"<p>A reinaugura\u00e7\u00e3o ocorre nesta segunda-feira (19), \u00e0s 10 horas, no dia do Anivers\u00e1rio de Guararema<\/p>\n<p>Os \u00faltimos detalhes j\u00e1 foram finalizados e a entrega do Mercado Municipal de Guararema est\u00e1 cada vez mais perto. Agora, na reta final para o Anivers\u00e1rio de 123 Anos da Cidade, a Prefeitura de Guararema refor\u00e7a o convite para toda a popula\u00e7\u00e3o participar deste momento hist\u00f3rico para o munic\u00edpio.<br \/>\nOs servi\u00e7os de revitaliza\u00e7\u00e3o do Mercad\u00e3o desempenhados pela Prefeitura de Guararema consistiram no resgate das caracter\u00edsticas arquitet\u00f4nicas originais da edifica\u00e7\u00e3o conciliando hist\u00f3ria e as legisla\u00e7\u00f5es de acessibilidade e seguran\u00e7a exigidas atualmente.<br \/>\nForam feitos servi\u00e7os de troca completa do telhado, incluindo estrutura de madeira, calhas e telhas, utilizando telhas francesas conforme telhado original; adequa\u00e7\u00e3o do sistema de ilumina\u00e7\u00e3o e el\u00e9trico total incluindo Sistema de Gera\u00e7\u00e3o de Energia Fotovoltaica por meio de placas solares; readequa\u00e7\u00e3o das instala\u00e7\u00f5es hidr\u00e1ulicas; reforma completa da fachada conforme original, incluindo troca das portas de janelas, reparos nos adornos e revestimentos; raspagem dos revestimentos e alvenarias em tijolo internos danificados e reconstru\u00e7\u00e3o dos mesmos; reconstru\u00e7\u00e3o do piso em concreto; instala\u00e7\u00e3o de forro de madeira; implanta\u00e7\u00e3o de Sistema de Ar Condicionado; constru\u00e7\u00e3o de Sistema de Prote\u00e7\u00e3o e Combate a Inc\u00eandio; execu\u00e7\u00e3o de banheiros masculino e feminino, adaptado para portadores de defici\u00eancia f\u00edsica; amplia\u00e7\u00e3o de Dep\u00f3sito e Sala de Utilidades; e pintura geral do pr\u00e9dio.<\/p>\n<p>Feito estes servi\u00e7os, o resultado final da obra apresenta 12 boxes para comercializa\u00e7\u00e3o dos produtos com balc\u00f5es e expositores em Marcenaria que trazem vida ao Mercado Municipal, movimentando o turismo e com\u00e9rcio do munic\u00edpio.<\/p>\n<p>\u201cEstamos nos aproximando do grande dia de reinaugura\u00e7\u00e3o do nosso Mercado Municipal um s\u00edmbolo do resgate da mem\u00f3ria de Guararema\u201d, explicou o prefeito Z\u00e9. \u201cVamos entregar um equipamento completo para que a popula\u00e7\u00e3o tenha mais uma op\u00e7\u00e3o de lazer e de compras. Tenho certeza que o Mercado Municipal vai ser muito bem usado por todos\u201d, completou.<\/p>\n<p>Inaugurado em 1\u00ba de outubro de 1919, o Mercado Municipal de Guararema est\u00e1 localizado no Boulevard Major Paula Lopes (o Cal\u00e7ad\u00e3o), no Centro, em um dos pontos mais movimentados no munic\u00edpio.<\/p>\n<p>A reinaugura\u00e7\u00e3o ocorre nesta segunda-feira (19), \u00e0s 10 horas.<br \/>\nPrograma\u00e7\u00e3o final de semana<br \/>\nComo comemora\u00e7\u00e3o de seu anivers\u00e1rio, Guararema recebe shows na sexta-feira, s\u00e1bado, domingo e segunda-feira, fechando com o show de Renato Teixeira. Tamb\u00e9m vai ocorrer neste final de semana o jogo entre o time de Guararema e a Sele\u00e7\u00e3o das Estrelas, com a presen\u00e7a confirmada de grandes craques.<\/p>\n<p>A programa\u00e7\u00e3o completa deste final de semana em Guararema est\u00e1 dispon\u00edvel no site e nas redes sociais da Prefeitura.<\/p>\n","protected":false},"excerpt":{"rendered":"<p>A reinaugura\u00e7\u00e3o ocorre nesta segunda-feira (19), \u00e0s 10 horas, no dia do Anivers\u00e1rio de Guararema Os \u00faltimos detalhes j\u00e1 foram finalizados e a entrega do Mercado Municipal de Guararema est\u00e1 cada vez mais perto. Agora, na reta final para o Anivers\u00e1rio de 123 Anos da Cidade, a Prefeitura de Guararema refor\u00e7a o convite para toda [&hellip;]<\/p>\n","protected":false},"author":1,"featured_media":2958,"comment_status":"open","ping_status":"open","sticky":false,"template":"","format":"standard","meta":{"footnotes":""},"categories":[8],"tags":[],"class_list":{"0":"post-2957","1":"post","2":"type-post","3":"status-publish","4":"format-standard","5":"has-post-thumbnail","7":"category-guararema"},"_links":{"self":[{"href":"https:\/\/jm-metropole.com.br\/site\/wp-json\/wp\/v2\/posts\/2957","targetHints":{"allow":["GET"]}}],"collection":[{"href":"https:\/\/jm-metropole.com.br\/site\/wp-json\/wp\/v2\/posts"}],"about":[{"href":"https:\/\/jm-metropole.com.br\/site\/wp-json\/wp\/v2\/types\/post"}],"author":[{"embeddable":true,"href":"https:\/\/jm-metropole.com.br\/site\/wp-json\/wp\/v2\/users\/1"}],"replies":[{"embeddable":true,"href":"https:\/\/jm-metropole.com.br\/site\/wp-json\/wp\/v2\/comments?post=2957"}],"version-history":[{"count":1,"href":"https:\/\/jm-metropole.com.br\/site\/wp-json\/wp\/v2\/posts\/2957\/revisions"}],"predecessor-version":[{"id":2959,"href":"https:\/\/jm-metropole.com.br\/site\/wp-json\/wp\/v2\/posts\/2957\/revisions\/2959"}],"wp:featuredmedia":[{"embeddable":true,"href":"https:\/\/jm-metropole.com.br\/site\/wp-json\/wp\/v2\/media\/2958"}],"wp:attachment":[{"href":"https:\/\/jm-metropole.com.br\/site\/wp-json\/wp\/v2\/media?parent=2957"}],"wp:term":[{"taxonomy":"category","embeddable":true,"href":"https:\/\/jm-metropole.com.br\/site\/wp-json\/wp\/v2\/categories?post=2957"},{"taxonomy":"post_tag","embeddable":true,"href":"https:\/\/jm-metropole.com.br\/site\/wp-json\/wp\/v2\/tags?post=2957"}],"curies":[{"name":"wp","href":"https:\/\/api.w.org\/{rel}","templated":true}]}}