{"id":29086,"date":"2026-02-03T22:45:46","date_gmt":"2026-02-04T01:45:46","guid":{"rendered":"https:\/\/jm-metropole.com.br\/site\/?p=29086"},"modified":"2026-02-03T22:45:46","modified_gmt":"2026-02-04T01:45:46","slug":"suzano-divulga-programacao-gratuita-para-o-carnaval-2026","status":"publish","type":"post","link":"https:\/\/jm-metropole.com.br\/site\/suzano-divulga-programacao-gratuita-para-o-carnaval-2026\/","title":{"rendered":"SUZANO DIVULGA PROGRAMA\u00c7\u00c3O GRATUITA PARA O CARNAVAL 2026"},"content":{"rendered":"<div id=\"model-response-message-contentr_d516004bb0c7dbc7\" class=\"markdown markdown-main-panel stronger enable-updated-hr-color\" dir=\"ltr\" aria-live=\"polite\" aria-busy=\"false\">\n<p style=\"text-align: justify;\" data-path-to-node=\"1\">A Prefeitura de Suzano, por meio da Secretaria Municipal de Cultura, anunciou a agenda oficial do Carnaval 2026. Entre os dias 5 e 17 de fevereiro, a cidade contar\u00e1 com exposi\u00e7\u00f5es, concursos de marchinhas e fantasias, al\u00e9m de apresenta\u00e7\u00f5es musicais e baterias de escolas de samba. As atividades ser\u00e3o concentradas no Centro de Educa\u00e7\u00e3o e Cultura Francisco Carlos Moriconi, no Casar\u00e3o das Artes e no Pavilh\u00e3o Zumbi dos Palmares, no Parque Max Feffer.<\/p>\n<p style=\"text-align: justify;\" data-path-to-node=\"2\">A abertura ocorre nesta quinta-feira (05\/02), \u00e0s 18 horas, com a exposi\u00e7\u00e3o \u201cBrasil Fant\u00e1stico \u2013 Carnaval, teatro e devo\u00e7\u00e3o na obra de Ant\u00f4nio Nicodemo\u201d, no Centro Cultural Moriconi. A mostra segue dispon\u00edvel para visita\u00e7\u00e3o at\u00e9 27 de fevereiro, de segunda a sexta-feira, das 9 \u00e0s 17 horas. J\u00e1 na sexta-feira (13\/02), o Casar\u00e3o das Artes recebe a final do Concurso de Marchinhas, a partir das 19 horas.<\/p>\n<p style=\"text-align: justify;\" data-path-to-node=\"3\">No Pavilh\u00e3o Zumbi dos Palmares, a programa\u00e7\u00e3o come\u00e7a no s\u00e1bado (14\/02) com aulas de ritmos e o Concurso de Fantasias Infantil (3 a 11 anos), al\u00e9m das baterias das escolas Leandro de Itaquera e Unidos do Peruche. No domingo (15\/02), o espa\u00e7o recebe o Concurso de Fantasias para maiores de 12 anos, show de Natalie e Banda e a bateria da Acad\u00eamicos do Tatuap\u00e9.<\/p>\n<p style=\"text-align: justify;\" data-path-to-node=\"4\">O encerramento festivo ser\u00e1 na ter\u00e7a-feira (17\/02), com a apresenta\u00e7\u00e3o dos finalistas das marchinhas, DJ Zooza com cl\u00e1ssicos carnavalescos, a Micareta Rockblox e o grupo Swingueira Samba Show.<\/p>\n<p style=\"text-align: justify;\" data-path-to-node=\"5\">A diretora de Cultura, M\u00e1rcia Belarmino, destacou que a programa\u00e7\u00e3o visa promover o encontro e a ocupa\u00e7\u00e3o dos espa\u00e7os p\u00fablicos. O secret\u00e1rio de Cultura, Jos\u00e9 Luiz Spitti, ressaltou que o planejamento buscou garantir uma estrutura adequada para que a popula\u00e7\u00e3o aproveite as atividades gratuitas com tranquilidade.<\/p>\n<p style=\"text-align: right;\" data-path-to-node=\"6\"><em>Fotos: Wanderley Costa<\/em><\/p>\n<\/div>\n","protected":false},"excerpt":{"rendered":"<p>A Prefeitura de Suzano, por meio da Secretaria Municipal de Cultura, anunciou a agenda oficial do Carnaval 2026. Entre os dias 5 e 17 de fevereiro, a cidade contar\u00e1 com exposi\u00e7\u00f5es, concursos de marchinhas e fantasias, al\u00e9m de apresenta\u00e7\u00f5es musicais e baterias de escolas de samba. As atividades ser\u00e3o concentradas no Centro de Educa\u00e7\u00e3o e [&hellip;]<\/p>\n","protected":false},"author":1,"featured_media":29087,"comment_status":"open","ping_status":"open","sticky":false,"template":"","format":"standard","meta":{"footnotes":""},"categories":[2,13,9],"tags":[],"class_list":{"0":"post-29086","1":"post","2":"type-post","3":"status-publish","4":"format-standard","5":"has-post-thumbnail","7":"category-cidades","8":"category-cultura","9":"category-suzano"},"_links":{"self":[{"href":"https:\/\/jm-metropole.com.br\/site\/wp-json\/wp\/v2\/posts\/29086","targetHints":{"allow":["GET"]}}],"collection":[{"href":"https:\/\/jm-metropole.com.br\/site\/wp-json\/wp\/v2\/posts"}],"about":[{"href":"https:\/\/jm-metropole.com.br\/site\/wp-json\/wp\/v2\/types\/post"}],"author":[{"embeddable":true,"href":"https:\/\/jm-metropole.com.br\/site\/wp-json\/wp\/v2\/users\/1"}],"replies":[{"embeddable":true,"href":"https:\/\/jm-metropole.com.br\/site\/wp-json\/wp\/v2\/comments?post=29086"}],"version-history":[{"count":1,"href":"https:\/\/jm-metropole.com.br\/site\/wp-json\/wp\/v2\/posts\/29086\/revisions"}],"predecessor-version":[{"id":29088,"href":"https:\/\/jm-metropole.com.br\/site\/wp-json\/wp\/v2\/posts\/29086\/revisions\/29088"}],"wp:featuredmedia":[{"embeddable":true,"href":"https:\/\/jm-metropole.com.br\/site\/wp-json\/wp\/v2\/media\/29087"}],"wp:attachment":[{"href":"https:\/\/jm-metropole.com.br\/site\/wp-json\/wp\/v2\/media?parent=29086"}],"wp:term":[{"taxonomy":"category","embeddable":true,"href":"https:\/\/jm-metropole.com.br\/site\/wp-json\/wp\/v2\/categories?post=29086"},{"taxonomy":"post_tag","embeddable":true,"href":"https:\/\/jm-metropole.com.br\/site\/wp-json\/wp\/v2\/tags?post=29086"}],"curies":[{"name":"wp","href":"https:\/\/api.w.org\/{rel}","templated":true}]}}