{"id":28677,"date":"2026-01-19T20:38:23","date_gmt":"2026-01-19T23:38:23","guid":{"rendered":"https:\/\/jm-metropole.com.br\/site\/?p=28677"},"modified":"2026-01-19T20:38:23","modified_gmt":"2026-01-19T23:38:23","slug":"prefeitura-de-santa-isabel-abre-cadastro-para-nova-campanha-de-castracao-de-caes-e-gatos","status":"publish","type":"post","link":"https:\/\/jm-metropole.com.br\/site\/prefeitura-de-santa-isabel-abre-cadastro-para-nova-campanha-de-castracao-de-caes-e-gatos\/","title":{"rendered":"PREFEITURA DE SANTA ISABEL ABRE CADASTRO PARA NOVA CAMPANHA DE CASTRA\u00c7\u00c3O DE C\u00c3ES E GATOS"},"content":{"rendered":"<div id=\"model-response-message-contentr_324fbd41aaa8118c\" class=\"markdown markdown-main-panel stronger enable-updated-hr-color\" dir=\"ltr\" aria-live=\"off\" aria-busy=\"false\">\n<p style=\"text-align: justify;\" data-path-to-node=\"1\">A Prefeitura de Santa Isabel, por meio da Secretaria de Sa\u00fade, anunciou a abertura de inscri\u00e7\u00f5es para uma nova etapa da Campanha Municipal de Castra\u00e7\u00e3o. A iniciativa ocorre ap\u00f3s a administra\u00e7\u00e3o municipal confirmar que a fila de espera anterior para o servi\u00e7o foi zerada. Esta nova a\u00e7\u00e3o \u00e9 voltada especificamente para tutores que ainda n\u00e3o haviam realizado o cadastro e desejam garantir o atendimento de seus animais.<\/p>\n<p style=\"text-align: justify;\" data-path-to-node=\"2\">A campanha ser\u00e1 realizada nos dias 31 de janeiro e 1\u00ba de fevereiro, na Pra\u00e7a da Bandeira, com o suporte do \u00f4nibus Castram\u00f3vel. No dia 31 de janeiro, o cronograma prev\u00ea o atendimento de 150 c\u00e3es, sendo 50 f\u00eameas e 100 machos. J\u00e1 no dia 1\u00ba de fevereiro, a a\u00e7\u00e3o ser\u00e1 dedicada aos felinos, com 300 vagas dispon\u00edveis para gatos e gatas.<\/p>\n<p style=\"text-align: justify;\" data-path-to-node=\"3\">Para participar, o tutor respons\u00e1vel deve preencher um formul\u00e1rio eletr\u00f4nico dispon\u00edvel no portal oficial da prefeitura ou em seus canais digitais. Segundo informa\u00e7\u00f5es do secret\u00e1rio de Sa\u00fade, Felipe Nabil, e da vereadora Regiane Castro, o cadastro presencial tamb\u00e9m pode ser realizado na Rua Am\u00e9rica, n\u00ba 285, no Parque S\u00e3o Benedito, para aqueles que n\u00e3o possuem acesso \u00e0 internet.<\/p>\n<p style=\"text-align: justify;\" data-path-to-node=\"4\">A Secretaria de Sa\u00fade refor\u00e7a que o cumprimento dos crit\u00e9rios t\u00e9cnicos \u00e9 indispens\u00e1vel para a seguran\u00e7a dos animais. Os c\u00e3es e gatos devem ter entre 6 meses e 8 anos de idade, peso entre 2 kg e 20 kg e estar em boas condi\u00e7\u00f5es cl\u00ednicas. No dia da cirurgia, os animais precisam estar em jejum de 8 horas para alimentos e 4 horas para \u00e1gua. Animais de ra\u00e7as com focinho achatado, como pugs e shih-tzus, n\u00e3o ser\u00e3o atendidos nesta campanha devido a protocolos espec\u00edficos de anestesia.<\/p>\n<p style=\"text-align: justify;\" data-path-to-node=\"5\">O acompanhamento p\u00f3s-operat\u00f3rio e a retirada de pontos ser\u00e3o realizados na Cl\u00ednica Veterin\u00e1ria Municipal Patinha Feliz, que funciona de segunda a sexta-feira. A prefeitura destaca que a a\u00e7\u00e3o visa promover o bem-estar animal e auxiliar no controle populacional de forma respons\u00e1vel em Santa Isabel.<\/p>\n<p style=\"text-align: justify;\" data-path-to-node=\"8\">\n<\/div>\n","protected":false},"excerpt":{"rendered":"<p>A Prefeitura de Santa Isabel, por meio da Secretaria de Sa\u00fade, anunciou a abertura de inscri\u00e7\u00f5es para uma nova etapa da Campanha Municipal de Castra\u00e7\u00e3o. A iniciativa ocorre ap\u00f3s a administra\u00e7\u00e3o municipal confirmar que a fila de espera anterior para o servi\u00e7o foi zerada. Esta nova a\u00e7\u00e3o \u00e9 voltada especificamente para tutores que ainda n\u00e3o [&hellip;]<\/p>\n","protected":false},"author":1,"featured_media":28678,"comment_status":"open","ping_status":"open","sticky":false,"template":"","format":"standard","meta":{"footnotes":""},"categories":[2,5,11],"tags":[],"class_list":{"0":"post-28677","1":"post","2":"type-post","3":"status-publish","4":"format-standard","5":"has-post-thumbnail","7":"category-cidades","8":"category-santa-isabel","9":"category-saude"},"_links":{"self":[{"href":"https:\/\/jm-metropole.com.br\/site\/wp-json\/wp\/v2\/posts\/28677","targetHints":{"allow":["GET"]}}],"collection":[{"href":"https:\/\/jm-metropole.com.br\/site\/wp-json\/wp\/v2\/posts"}],"about":[{"href":"https:\/\/jm-metropole.com.br\/site\/wp-json\/wp\/v2\/types\/post"}],"author":[{"embeddable":true,"href":"https:\/\/jm-metropole.com.br\/site\/wp-json\/wp\/v2\/users\/1"}],"replies":[{"embeddable":true,"href":"https:\/\/jm-metropole.com.br\/site\/wp-json\/wp\/v2\/comments?post=28677"}],"version-history":[{"count":1,"href":"https:\/\/jm-metropole.com.br\/site\/wp-json\/wp\/v2\/posts\/28677\/revisions"}],"predecessor-version":[{"id":28679,"href":"https:\/\/jm-metropole.com.br\/site\/wp-json\/wp\/v2\/posts\/28677\/revisions\/28679"}],"wp:featuredmedia":[{"embeddable":true,"href":"https:\/\/jm-metropole.com.br\/site\/wp-json\/wp\/v2\/media\/28678"}],"wp:attachment":[{"href":"https:\/\/jm-metropole.com.br\/site\/wp-json\/wp\/v2\/media?parent=28677"}],"wp:term":[{"taxonomy":"category","embeddable":true,"href":"https:\/\/jm-metropole.com.br\/site\/wp-json\/wp\/v2\/categories?post=28677"},{"taxonomy":"post_tag","embeddable":true,"href":"https:\/\/jm-metropole.com.br\/site\/wp-json\/wp\/v2\/tags?post=28677"}],"curies":[{"name":"wp","href":"https:\/\/api.w.org\/{rel}","templated":true}]}}