{"id":28666,"date":"2026-01-18T17:16:57","date_gmt":"2026-01-18T20:16:57","guid":{"rendered":"https:\/\/jm-metropole.com.br\/site\/?p=28666"},"modified":"2026-01-18T17:16:57","modified_gmt":"2026-01-18T20:16:57","slug":"mercado-municipal-de-suzano-completa-um-ano-como-polo-de-lazer-e-gastronomia","status":"publish","type":"post","link":"https:\/\/jm-metropole.com.br\/site\/mercado-municipal-de-suzano-completa-um-ano-como-polo-de-lazer-e-gastronomia\/","title":{"rendered":"MERCADO MUNICIPAL DE SUZANO COMPLETA UM ANO COMO POLO DE LAZER E GASTRONOMIA"},"content":{"rendered":"<div id=\"model-response-message-contentr_707658694501cb7d\" class=\"markdown markdown-main-panel stronger enable-updated-hr-color\" dir=\"ltr\" aria-live=\"polite\" aria-busy=\"false\">\n<p style=\"text-align: justify;\" data-path-to-node=\"1\">O Mercado Municipal de Suzano celebra seu primeiro ano de funcionamento neste domingo, dia 18 de janeiro. Consolidado como um importante ponto de encontro e consumo na cidade, o espa\u00e7o registra uma m\u00e9dia de 6 mil visitantes por m\u00eas desde sua inaugura\u00e7\u00e3o no ano passado.<\/p>\n<p style=\"text-align: justify;\" data-path-to-node=\"2\"><img loading=\"lazy\" decoding=\"async\" class=\"alignleft size-medium wp-image-28669\" src=\"https:\/\/jm-metropole.com.br\/site\/wp-content\/uploads\/2026\/01\/WhatsApp-Image-2026-01-17-at-17.54.34-300x200.jpeg\" alt=\"\" width=\"300\" height=\"200\" srcset=\"https:\/\/jm-metropole.com.br\/site\/wp-content\/uploads\/2026\/01\/WhatsApp-Image-2026-01-17-at-17.54.34-300x200.jpeg 300w, https:\/\/jm-metropole.com.br\/site\/wp-content\/uploads\/2026\/01\/WhatsApp-Image-2026-01-17-at-17.54.34-1024x683.jpeg 1024w, https:\/\/jm-metropole.com.br\/site\/wp-content\/uploads\/2026\/01\/WhatsApp-Image-2026-01-17-at-17.54.34-768x512.jpeg 768w, https:\/\/jm-metropole.com.br\/site\/wp-content\/uploads\/2026\/01\/WhatsApp-Image-2026-01-17-at-17.54.34-150x100.jpeg 150w, https:\/\/jm-metropole.com.br\/site\/wp-content\/uploads\/2026\/01\/WhatsApp-Image-2026-01-17-at-17.54.34-600x400.jpeg 600w, https:\/\/jm-metropole.com.br\/site\/wp-content\/uploads\/2026\/01\/WhatsApp-Image-2026-01-17-at-17.54.34-696x464.jpeg 696w, https:\/\/jm-metropole.com.br\/site\/wp-content\/uploads\/2026\/01\/WhatsApp-Image-2026-01-17-at-17.54.34-1068x713.jpeg 1068w, https:\/\/jm-metropole.com.br\/site\/wp-content\/uploads\/2026\/01\/WhatsApp-Image-2026-01-17-at-17.54.34-630x420.jpeg 630w, https:\/\/jm-metropole.com.br\/site\/wp-content\/uploads\/2026\/01\/WhatsApp-Image-2026-01-17-at-17.54.34-1259x840.jpeg 1259w, https:\/\/jm-metropole.com.br\/site\/wp-content\/uploads\/2026\/01\/WhatsApp-Image-2026-01-17-at-17.54.34.jpeg 1280w\" sizes=\"auto, (max-width: 300px) 100vw, 300px\" \/>O local atua como um fortalecedor da economia local e re\u00fane uma grande variedade de produtos e servi\u00e7os. O p\u00fablico encontra desde itens de hortifr\u00fati frescos at\u00e9 produtos especializados, como massas artesanais, queijos, vinhos, caf\u00e9s e cervejas artesanais. Al\u00e9m da oferta de alimentos, o mercado abriga boxes dedicados ao artesanato regional, atendendo quem busca produtos autorais e diferenciados.<\/p>\n<p style=\"text-align: justify;\" data-path-to-node=\"3\"><img loading=\"lazy\" decoding=\"async\" class=\"alignright size-medium wp-image-28668\" src=\"https:\/\/jm-metropole.com.br\/site\/wp-content\/uploads\/2026\/01\/WhatsApp-Image-2026-01-17-at-17.54.34-1-300x200.jpeg\" alt=\"\" width=\"300\" height=\"200\" srcset=\"https:\/\/jm-metropole.com.br\/site\/wp-content\/uploads\/2026\/01\/WhatsApp-Image-2026-01-17-at-17.54.34-1-300x200.jpeg 300w, https:\/\/jm-metropole.com.br\/site\/wp-content\/uploads\/2026\/01\/WhatsApp-Image-2026-01-17-at-17.54.34-1-1024x683.jpeg 1024w, https:\/\/jm-metropole.com.br\/site\/wp-content\/uploads\/2026\/01\/WhatsApp-Image-2026-01-17-at-17.54.34-1-768x512.jpeg 768w, https:\/\/jm-metropole.com.br\/site\/wp-content\/uploads\/2026\/01\/WhatsApp-Image-2026-01-17-at-17.54.34-1-150x100.jpeg 150w, https:\/\/jm-metropole.com.br\/site\/wp-content\/uploads\/2026\/01\/WhatsApp-Image-2026-01-17-at-17.54.34-1-600x400.jpeg 600w, https:\/\/jm-metropole.com.br\/site\/wp-content\/uploads\/2026\/01\/WhatsApp-Image-2026-01-17-at-17.54.34-1-696x464.jpeg 696w, https:\/\/jm-metropole.com.br\/site\/wp-content\/uploads\/2026\/01\/WhatsApp-Image-2026-01-17-at-17.54.34-1-1068x713.jpeg 1068w, https:\/\/jm-metropole.com.br\/site\/wp-content\/uploads\/2026\/01\/WhatsApp-Image-2026-01-17-at-17.54.34-1-630x420.jpeg 630w, https:\/\/jm-metropole.com.br\/site\/wp-content\/uploads\/2026\/01\/WhatsApp-Image-2026-01-17-at-17.54.34-1-1259x840.jpeg 1259w, https:\/\/jm-metropole.com.br\/site\/wp-content\/uploads\/2026\/01\/WhatsApp-Image-2026-01-17-at-17.54.34-1.jpeg 1280w\" sizes=\"auto, (max-width: 300px) 100vw, 300px\" \/>No setor gastron\u00f4mico, o mercado oferece op\u00e7\u00f5es variadas que contemplam culin\u00e1rias internacionais, como a japonesa, mexicana, portuguesa e mediterr\u00e2nea, al\u00e9m de pratos t\u00edpicos da cozinha baiana, mineira e nordestina. O ambiente tamb\u00e9m conta com op\u00e7\u00f5es democr\u00e1ticas de lanches, como past\u00e9is e shawarma, atraindo diferentes perfis de consumidores para conviv\u00eancia e lazer.<\/p>\n<p style=\"text-align: justify;\" data-path-to-node=\"4\">Localizado na Rua Nove de Julho, 1.255, o Mercado Municipal funciona de ter\u00e7a a sexta-feira, das 9h \u00e0s 21h. Aos s\u00e1bados, domingos e feriados, o atendimento \u00e9 realizado das 8h \u00e0s 16h. \u00c0s segundas-feiras, o local permanece fechado para servi\u00e7os de manuten\u00e7\u00e3o, organiza\u00e7\u00e3o e abastecimento dos boxes.<\/p>\n<p style=\"text-align: justify;\" data-path-to-node=\"5\">O presidente da Associa\u00e7\u00e3o dos Permission\u00e1rios do Mercado Municipal de Suzano, Roberto Tavares, destacou que o espa\u00e7o se tornou um lugar de conviv\u00eancia e dedica\u00e7\u00e3o dos trabalhadores, fazendo agora parte da rotina da cidade. J\u00e1 o secret\u00e1rio de Desenvolvimento Econ\u00f4mico e Gera\u00e7\u00e3o de Emprego, Mauro Vaz, ressaltou que o primeiro ano de funcionamento confirma a import\u00e2ncia do investimento para o fortalecimento de pequenos neg\u00f3cios e a gera\u00e7\u00e3o de renda e empregos com impacto direto na economia local.<\/p>\n<p style=\"text-align: right;\" data-path-to-node=\"6\"><em>Cr\u00e9ditos das fotos: Luana Bergamini\/Secop Suzano<\/em><\/p>\n<\/div>\n","protected":false},"excerpt":{"rendered":"<p>O Mercado Municipal de Suzano celebra seu primeiro ano de funcionamento neste domingo, dia 18 de janeiro. Consolidado como um importante ponto de encontro e consumo na cidade, o espa\u00e7o registra uma m\u00e9dia de 6 mil visitantes por m\u00eas desde sua inaugura\u00e7\u00e3o no ano passado. O local atua como um fortalecedor da economia local e [&hellip;]<\/p>\n","protected":false},"author":1,"featured_media":28667,"comment_status":"open","ping_status":"open","sticky":false,"template":"","format":"standard","meta":{"footnotes":""},"categories":[21,2,9],"tags":[],"class_list":{"0":"post-28666","1":"post","2":"type-post","3":"status-publish","4":"format-standard","5":"has-post-thumbnail","7":"category-alto-tiete","8":"category-cidades","9":"category-suzano"},"_links":{"self":[{"href":"https:\/\/jm-metropole.com.br\/site\/wp-json\/wp\/v2\/posts\/28666","targetHints":{"allow":["GET"]}}],"collection":[{"href":"https:\/\/jm-metropole.com.br\/site\/wp-json\/wp\/v2\/posts"}],"about":[{"href":"https:\/\/jm-metropole.com.br\/site\/wp-json\/wp\/v2\/types\/post"}],"author":[{"embeddable":true,"href":"https:\/\/jm-metropole.com.br\/site\/wp-json\/wp\/v2\/users\/1"}],"replies":[{"embeddable":true,"href":"https:\/\/jm-metropole.com.br\/site\/wp-json\/wp\/v2\/comments?post=28666"}],"version-history":[{"count":1,"href":"https:\/\/jm-metropole.com.br\/site\/wp-json\/wp\/v2\/posts\/28666\/revisions"}],"predecessor-version":[{"id":28670,"href":"https:\/\/jm-metropole.com.br\/site\/wp-json\/wp\/v2\/posts\/28666\/revisions\/28670"}],"wp:featuredmedia":[{"embeddable":true,"href":"https:\/\/jm-metropole.com.br\/site\/wp-json\/wp\/v2\/media\/28667"}],"wp:attachment":[{"href":"https:\/\/jm-metropole.com.br\/site\/wp-json\/wp\/v2\/media?parent=28666"}],"wp:term":[{"taxonomy":"category","embeddable":true,"href":"https:\/\/jm-metropole.com.br\/site\/wp-json\/wp\/v2\/categories?post=28666"},{"taxonomy":"post_tag","embeddable":true,"href":"https:\/\/jm-metropole.com.br\/site\/wp-json\/wp\/v2\/tags?post=28666"}],"curies":[{"name":"wp","href":"https:\/\/api.w.org\/{rel}","templated":true}]}}