{"id":28661,"date":"2026-01-18T15:18:06","date_gmt":"2026-01-18T18:18:06","guid":{"rendered":"https:\/\/jm-metropole.com.br\/site\/?p=28661"},"modified":"2026-01-18T15:18:06","modified_gmt":"2026-01-18T18:18:06","slug":"vereador-denuncia-falta-de-zeladoria-e-riscos-ambientais-em-santa-isabel","status":"publish","type":"post","link":"https:\/\/jm-metropole.com.br\/site\/vereador-denuncia-falta-de-zeladoria-e-riscos-ambientais-em-santa-isabel\/","title":{"rendered":"VEREADOR DENUNCIA FALTA DE ZELADORIA E RISCOS AMBIENTAIS EM SANTA ISABEL"},"content":{"rendered":"<div id=\"model-response-message-contentr_a7caf5ff61b063d6\" class=\"markdown markdown-main-panel stronger enable-updated-hr-color\" dir=\"ltr\" aria-live=\"polite\" aria-busy=\"false\">\n<p style=\"text-align: justify;\" data-path-to-node=\"1\">O vereador M\u00e1rcio Pinho utilizou suas redes sociais para denunciar a precariedade dos servi\u00e7os de limpeza p\u00fablica e zeladoria em Santa Isabel. Segundo o parlamentar, o munic\u00edpio, que tem a maior parte de seu territ\u00f3rio em \u00e1rea de prote\u00e7\u00e3o ambiental e possui potencial tur\u00edstico, sofre com lixeiras inadequadas, muitas delas com problemas estruturais ou at\u00e9 mesmo inexistentes em pontos necess\u00e1rios.<\/p>\n<p style=\"text-align: justify;\" data-path-to-node=\"2\"><img loading=\"lazy\" decoding=\"async\" class=\"alignright size-medium wp-image-28663\" src=\"https:\/\/jm-metropole.com.br\/site\/wp-content\/uploads\/2026\/01\/616823392_25623436127306446_8279653050417173816_n-300x169.jpg\" alt=\"\" width=\"300\" height=\"169\" srcset=\"https:\/\/jm-metropole.com.br\/site\/wp-content\/uploads\/2026\/01\/616823392_25623436127306446_8279653050417173816_n-300x169.jpg 300w, https:\/\/jm-metropole.com.br\/site\/wp-content\/uploads\/2026\/01\/616823392_25623436127306446_8279653050417173816_n-1024x576.jpg 1024w, https:\/\/jm-metropole.com.br\/site\/wp-content\/uploads\/2026\/01\/616823392_25623436127306446_8279653050417173816_n-768x432.jpg 768w, https:\/\/jm-metropole.com.br\/site\/wp-content\/uploads\/2026\/01\/616823392_25623436127306446_8279653050417173816_n-1536x864.jpg 1536w, https:\/\/jm-metropole.com.br\/site\/wp-content\/uploads\/2026\/01\/616823392_25623436127306446_8279653050417173816_n-150x84.jpg 150w, https:\/\/jm-metropole.com.br\/site\/wp-content\/uploads\/2026\/01\/616823392_25623436127306446_8279653050417173816_n-600x338.jpg 600w, https:\/\/jm-metropole.com.br\/site\/wp-content\/uploads\/2026\/01\/616823392_25623436127306446_8279653050417173816_n-696x392.jpg 696w, https:\/\/jm-metropole.com.br\/site\/wp-content\/uploads\/2026\/01\/616823392_25623436127306446_8279653050417173816_n-1392x783.jpg 1392w, https:\/\/jm-metropole.com.br\/site\/wp-content\/uploads\/2026\/01\/616823392_25623436127306446_8279653050417173816_n-1068x601.jpg 1068w, https:\/\/jm-metropole.com.br\/site\/wp-content\/uploads\/2026\/01\/616823392_25623436127306446_8279653050417173816_n-747x420.jpg 747w, https:\/\/jm-metropole.com.br\/site\/wp-content\/uploads\/2026\/01\/616823392_25623436127306446_8279653050417173816_n-1493x840.jpg 1493w, https:\/\/jm-metropole.com.br\/site\/wp-content\/uploads\/2026\/01\/616823392_25623436127306446_8279653050417173816_n.jpg 1600w\" sizes=\"auto, (max-width: 300px) 100vw, 300px\" \/>Na publica\u00e7\u00e3o, Pinho destacou a falta de servi\u00e7os essenciais como varri\u00e7\u00e3o e conserva\u00e7\u00e3o peri\u00f3dica, que deveriam seguir um calend\u00e1rio anual estipulado. Al\u00e9m das falhas na presta\u00e7\u00e3o de servi\u00e7o p\u00fablico, o vereador apontou a falta de conscientiza\u00e7\u00e3o de parte da popula\u00e7\u00e3o, que realiza o descarte de lixo em rios e outros locais proibidos.<\/p>\n<p style=\"text-align: justify;\" data-path-to-node=\"3\">Um dos pontos de maior alerta na den\u00fancia refere-se ao impacto ambiental causado pelo ac\u00famulo de res\u00edduos. O parlamentar explicou que o chorume proveniente do lixo descartado de forma incorreta invade o solo e contamina o len\u00e7ol fre\u00e1tico, representando um grave problema na gest\u00e3o municipal. A manifesta\u00e7\u00e3o reflete o descontentamento com a atual situa\u00e7\u00e3o da conserva\u00e7\u00e3o urbana na cidade.<\/p>\n<p style=\"text-align: center;\" data-path-to-node=\"3\"><a href=\"https:\/\/www.facebook.com\/drmarciopinho\/posts\/pfbid0BYWnuH1KqUskB2Nu2woZEUdRJTjzb6zLpbAKFnpdKRJD95hEzU2r4LKDtgDZJe49l\"><img loading=\"lazy\" decoding=\"async\" class=\"aligncenter size-full wp-image-28664\" src=\"https:\/\/jm-metropole.com.br\/site\/wp-content\/uploads\/2026\/01\/post-vereador-marciopinho.jpg\" alt=\"\" width=\"492\" height=\"518\" srcset=\"https:\/\/jm-metropole.com.br\/site\/wp-content\/uploads\/2026\/01\/post-vereador-marciopinho.jpg 492w, https:\/\/jm-metropole.com.br\/site\/wp-content\/uploads\/2026\/01\/post-vereador-marciopinho-285x300.jpg 285w, https:\/\/jm-metropole.com.br\/site\/wp-content\/uploads\/2026\/01\/post-vereador-marciopinho-150x158.jpg 150w, https:\/\/jm-metropole.com.br\/site\/wp-content\/uploads\/2026\/01\/post-vereador-marciopinho-300x316.jpg 300w, https:\/\/jm-metropole.com.br\/site\/wp-content\/uploads\/2026\/01\/post-vereador-marciopinho-399x420.jpg 399w\" sizes=\"auto, (max-width: 492px) 100vw, 492px\" \/><\/a><\/p>\n<p style=\"text-align: right;\" data-path-to-node=\"4\"><em>Cr\u00e9ditos das imagens: M\u00e1rcio Pinho<\/em><\/p>\n<\/div>\n","protected":false},"excerpt":{"rendered":"<p>O vereador M\u00e1rcio Pinho utilizou suas redes sociais para denunciar a precariedade dos servi\u00e7os de limpeza p\u00fablica e zeladoria em Santa Isabel. Segundo o parlamentar, o munic\u00edpio, que tem a maior parte de seu territ\u00f3rio em \u00e1rea de prote\u00e7\u00e3o ambiental e possui potencial tur\u00edstico, sofre com lixeiras inadequadas, muitas delas com problemas estruturais ou at\u00e9 [&hellip;]<\/p>\n","protected":false},"author":1,"featured_media":28662,"comment_status":"open","ping_status":"open","sticky":false,"template":"","format":"standard","meta":{"footnotes":""},"categories":[2,5],"tags":[],"class_list":{"0":"post-28661","1":"post","2":"type-post","3":"status-publish","4":"format-standard","5":"has-post-thumbnail","7":"category-cidades","8":"category-santa-isabel"},"_links":{"self":[{"href":"https:\/\/jm-metropole.com.br\/site\/wp-json\/wp\/v2\/posts\/28661","targetHints":{"allow":["GET"]}}],"collection":[{"href":"https:\/\/jm-metropole.com.br\/site\/wp-json\/wp\/v2\/posts"}],"about":[{"href":"https:\/\/jm-metropole.com.br\/site\/wp-json\/wp\/v2\/types\/post"}],"author":[{"embeddable":true,"href":"https:\/\/jm-metropole.com.br\/site\/wp-json\/wp\/v2\/users\/1"}],"replies":[{"embeddable":true,"href":"https:\/\/jm-metropole.com.br\/site\/wp-json\/wp\/v2\/comments?post=28661"}],"version-history":[{"count":1,"href":"https:\/\/jm-metropole.com.br\/site\/wp-json\/wp\/v2\/posts\/28661\/revisions"}],"predecessor-version":[{"id":28665,"href":"https:\/\/jm-metropole.com.br\/site\/wp-json\/wp\/v2\/posts\/28661\/revisions\/28665"}],"wp:featuredmedia":[{"embeddable":true,"href":"https:\/\/jm-metropole.com.br\/site\/wp-json\/wp\/v2\/media\/28662"}],"wp:attachment":[{"href":"https:\/\/jm-metropole.com.br\/site\/wp-json\/wp\/v2\/media?parent=28661"}],"wp:term":[{"taxonomy":"category","embeddable":true,"href":"https:\/\/jm-metropole.com.br\/site\/wp-json\/wp\/v2\/categories?post=28661"},{"taxonomy":"post_tag","embeddable":true,"href":"https:\/\/jm-metropole.com.br\/site\/wp-json\/wp\/v2\/tags?post=28661"}],"curies":[{"name":"wp","href":"https:\/\/api.w.org\/{rel}","templated":true}]}}