{"id":28655,"date":"2026-01-18T09:22:39","date_gmt":"2026-01-18T12:22:39","guid":{"rendered":"https:\/\/jm-metropole.com.br\/site\/?p=28655"},"modified":"2026-01-18T09:22:39","modified_gmt":"2026-01-18T12:22:39","slug":"iac-se-despede-da-copinha-apos-decisao-nos-penaltis-contra-o-botafogo","status":"publish","type":"post","link":"https:\/\/jm-metropole.com.br\/site\/iac-se-despede-da-copinha-apos-decisao-nos-penaltis-contra-o-botafogo\/","title":{"rendered":"IAC SE DESPEDE DA COPINHA AP\u00d3S DECIS\u00c3O NOS P\u00caNALTIS CONTRA O BOTAFOGO"},"content":{"rendered":"<div id=\"model-response-message-contentr_9d392692b8f0bbc1\" class=\"markdown markdown-main-panel stronger enable-updated-hr-color\" dir=\"ltr\" aria-live=\"polite\" aria-busy=\"false\">\n<p style=\"text-align: justify;\" data-path-to-node=\"1\">O Itaquaquecetuba Athletico Clube (IAC) encerrou sua participa\u00e7\u00e3o na Copa S\u00e3o Paulo de Futebol J\u00fanior neste s\u00e1bado (17). Em partida v\u00e1lida pelas oitavas de final da competi\u00e7\u00e3o, a equipe de Itaqu\u00e1 enfrentou o Botafogo no Est\u00e1dio Joaquim de Morais Filho, em Taubat\u00e9. Ap\u00f3s um empate sem gols no tempo regulamentar, a classifica\u00e7\u00e3o foi decidida na disputa de p\u00eanaltis, com vit\u00f3ria do time carioca.<\/p>\n<p style=\"text-align: justify;\" data-path-to-node=\"2\">O confronto foi marcado por um equil\u00edbrio t\u00e1tico e forte concentra\u00e7\u00e3o defensiva de ambos os lados. Enquanto o Botafogo deteve maior posse de bola em diversos momentos, o IAC manteve uma marca\u00e7\u00e3o r\u00edgida e buscou explorar as sa\u00eddas r\u00e1pidas em contra-ataque. A intensidade da partida resultou em cart\u00f5es amarelos para as duas equipes, refletindo a competitividade pelo acesso \u00e0 pr\u00f3xima fase.<\/p>\n<p style=\"text-align: justify;\" data-path-to-node=\"3\">Com o placar zerado ap\u00f3s os 90 minutos, a decis\u00e3o seguiu para as cobran\u00e7as de penalidades m\u00e1ximas. O Botafogo converteu quatro tentativas, enquanto o IAC marcou tr\u00eas vezes, resultando na elimina\u00e7\u00e3o do clube paulista.<\/p>\n<p style=\"text-align: justify;\" data-path-to-node=\"4\">A trajet\u00f3ria do IAC na edi\u00e7\u00e3o de 2026 da Copinha foi destacada pela supera\u00e7\u00e3o, incluindo a vit\u00f3ria sobre o Fortaleza na fase anterior. A participa\u00e7\u00e3o levou o nome de Itaquaquecetuba \u00e0s etapas decisivas de um dos principais torneios de base do futebol mundial.<\/p>\n<p style=\"text-align: justify;\" data-path-to-node=\"5\">O prefeito Eduardo Boigues ressaltou que o desempenho dos jovens talentos trouxe visibilidade e orgulho para o esporte local. O secret\u00e1rio de Esportes, Fabiano Novais, e o secret\u00e1rio de Governo, Marcello Barbosa, refor\u00e7aram que a equipe competiu em igualdade com grandes clubes do cen\u00e1rio nacional, demonstrando disciplina e talento ao longo da competi\u00e7\u00e3o. A administra\u00e7\u00e3o municipal reiterou o apoio ao desenvolvimento das categorias de base e ao fortalecimento do esporte na cidade.<\/p>\n<\/div>\n","protected":false},"excerpt":{"rendered":"<p>O Itaquaquecetuba Athletico Clube (IAC) encerrou sua participa\u00e7\u00e3o na Copa S\u00e3o Paulo de Futebol J\u00fanior neste s\u00e1bado (17). Em partida v\u00e1lida pelas oitavas de final da competi\u00e7\u00e3o, a equipe de Itaqu\u00e1 enfrentou o Botafogo no Est\u00e1dio Joaquim de Morais Filho, em Taubat\u00e9. Ap\u00f3s um empate sem gols no tempo regulamentar, a classifica\u00e7\u00e3o foi decidida na [&hellip;]<\/p>\n","protected":false},"author":1,"featured_media":28656,"comment_status":"open","ping_status":"open","sticky":false,"template":"","format":"standard","meta":{"footnotes":""},"categories":[12,6],"tags":[],"class_list":{"0":"post-28655","1":"post","2":"type-post","3":"status-publish","4":"format-standard","5":"has-post-thumbnail","7":"category-esporte","8":"category-itaqua"},"_links":{"self":[{"href":"https:\/\/jm-metropole.com.br\/site\/wp-json\/wp\/v2\/posts\/28655","targetHints":{"allow":["GET"]}}],"collection":[{"href":"https:\/\/jm-metropole.com.br\/site\/wp-json\/wp\/v2\/posts"}],"about":[{"href":"https:\/\/jm-metropole.com.br\/site\/wp-json\/wp\/v2\/types\/post"}],"author":[{"embeddable":true,"href":"https:\/\/jm-metropole.com.br\/site\/wp-json\/wp\/v2\/users\/1"}],"replies":[{"embeddable":true,"href":"https:\/\/jm-metropole.com.br\/site\/wp-json\/wp\/v2\/comments?post=28655"}],"version-history":[{"count":1,"href":"https:\/\/jm-metropole.com.br\/site\/wp-json\/wp\/v2\/posts\/28655\/revisions"}],"predecessor-version":[{"id":28657,"href":"https:\/\/jm-metropole.com.br\/site\/wp-json\/wp\/v2\/posts\/28655\/revisions\/28657"}],"wp:featuredmedia":[{"embeddable":true,"href":"https:\/\/jm-metropole.com.br\/site\/wp-json\/wp\/v2\/media\/28656"}],"wp:attachment":[{"href":"https:\/\/jm-metropole.com.br\/site\/wp-json\/wp\/v2\/media?parent=28655"}],"wp:term":[{"taxonomy":"category","embeddable":true,"href":"https:\/\/jm-metropole.com.br\/site\/wp-json\/wp\/v2\/categories?post=28655"},{"taxonomy":"post_tag","embeddable":true,"href":"https:\/\/jm-metropole.com.br\/site\/wp-json\/wp\/v2\/tags?post=28655"}],"curies":[{"name":"wp","href":"https:\/\/api.w.org\/{rel}","templated":true}]}}