{"id":28652,"date":"2026-01-17T20:58:43","date_gmt":"2026-01-17T23:58:43","guid":{"rendered":"https:\/\/jm-metropole.com.br\/site\/?p=28652"},"modified":"2026-01-17T20:58:43","modified_gmt":"2026-01-17T23:58:43","slug":"saida-do-pastor-moises-chocolate-da-camara-de-aruja-e-confirmada-apos-exoneracao-do-gcm-uelton","status":"publish","type":"post","link":"https:\/\/jm-metropole.com.br\/site\/saida-do-pastor-moises-chocolate-da-camara-de-aruja-e-confirmada-apos-exoneracao-do-gcm-uelton\/","title":{"rendered":"SA\u00cdDA DO PASTOR MOIS\u00c9S CHOCOLATE DA C\u00c2MARA DE ARUJ\u00c1 \u00c9 CONFIRMADA AP\u00d3S EXONERA\u00c7\u00c3O DO GCM UELTON"},"content":{"rendered":"<div id=\"model-response-message-contentr_367e5fb698f3a6ad\" class=\"markdown markdown-main-panel stronger enable-updated-hr-color\" dir=\"ltr\" aria-live=\"polite\" aria-busy=\"false\">\n<p style=\"text-align: justify;\" data-path-to-node=\"1\">O Pastor Mois\u00e9s Chocolate foi desligado do quadro legislativo da C\u00e2mara Municipal de Aruj\u00e1 nesta semana. A movimenta\u00e7\u00e3o \u00e9 consequ\u00eancia direta da exonera\u00e7\u00e3o de Uelton do cargo de secret\u00e1rio adjunto de Seguran\u00e7a P\u00fablica na Prefeitura de Aruj\u00e1, o que provocou o seu retorno autom\u00e1tico para a vaga de vereador titular na Casa de Leis.<\/p>\n<p style=\"text-align: justify;\" data-path-to-node=\"2\">Conforme estabelece o Regimento Interno, ao deixar a fun\u00e7\u00e3o no Poder Executivo, o parlamentar eleito reassume imediatamente sua cadeira, resultando na sa\u00edda do suplente que ocupava o posto temporariamente. Uelton encontra-se preso desde o final de dezembro de 2025, ap\u00f3s se entregar \u00e0 pol\u00edcia em decorr\u00eancia de sua participa\u00e7\u00e3o na morte de um integrante da Guarda Civil Municipal (GCM) de Suzano, crime ocorrido na v\u00e9spera de Natal.<\/p>\n<p style=\"text-align: justify;\" data-path-to-node=\"3\">Segundo a C\u00e2mara Municipal de Aruj\u00e1, os fatos envolvendo Uelton ocorreram em um per\u00edodo de licen\u00e7a das fun\u00e7\u00f5es legislativas e fora do \u00e2mbito de atua\u00e7\u00e3o do parlamento. No entanto, a institui\u00e7\u00e3o informou que a presid\u00eancia j\u00e1 determinou a abertura de um processo administrativo para acompanhar o desdobramento do caso.<\/p>\n<p style=\"text-align: justify;\" data-path-to-node=\"4\">A continuidade do mandato e a chance de um novo retorno de Mois\u00e9s Chocolate \u00e0 C\u00e2mara dependem de delibera\u00e7\u00f5es que s\u00f3 podem ser realizadas ap\u00f3s o t\u00e9rmino do recesso parlamentar, no pr\u00f3ximo m\u00eas. Segundo a C\u00e2mara, qualquer decis\u00e3o sobre o mandato deve ser obrigatoriamente discutida e votada em plen\u00e1rio pelos demais vereadores. At\u00e9 o momento, o Legislativo ressalta que n\u00e3o h\u00e1 uma determina\u00e7\u00e3o judicial que impe\u00e7a Uelton de reassumir formalmente suas fun\u00e7\u00f5es parlamentares.<\/p>\n<p style=\"text-align: right;\" data-path-to-node=\"5\"><em>Foto: Divulga\u00e7\u00e3o<\/em><\/p>\n<\/div>\n","protected":false},"excerpt":{"rendered":"<p>O Pastor Mois\u00e9s Chocolate foi desligado do quadro legislativo da C\u00e2mara Municipal de Aruj\u00e1 nesta semana. A movimenta\u00e7\u00e3o \u00e9 consequ\u00eancia direta da exonera\u00e7\u00e3o de Uelton do cargo de secret\u00e1rio adjunto de Seguran\u00e7a P\u00fablica na Prefeitura de Aruj\u00e1, o que provocou o seu retorno autom\u00e1tico para a vaga de vereador titular na Casa de Leis. Conforme [&hellip;]<\/p>\n","protected":false},"author":1,"featured_media":28653,"comment_status":"open","ping_status":"open","sticky":false,"template":"","format":"standard","meta":{"footnotes":""},"categories":[21,4,2,1],"tags":[],"class_list":{"0":"post-28652","1":"post","2":"type-post","3":"status-publish","4":"format-standard","5":"has-post-thumbnail","7":"category-alto-tiete","8":"category-aruja","9":"category-cidades","10":"category-tudo"},"_links":{"self":[{"href":"https:\/\/jm-metropole.com.br\/site\/wp-json\/wp\/v2\/posts\/28652","targetHints":{"allow":["GET"]}}],"collection":[{"href":"https:\/\/jm-metropole.com.br\/site\/wp-json\/wp\/v2\/posts"}],"about":[{"href":"https:\/\/jm-metropole.com.br\/site\/wp-json\/wp\/v2\/types\/post"}],"author":[{"embeddable":true,"href":"https:\/\/jm-metropole.com.br\/site\/wp-json\/wp\/v2\/users\/1"}],"replies":[{"embeddable":true,"href":"https:\/\/jm-metropole.com.br\/site\/wp-json\/wp\/v2\/comments?post=28652"}],"version-history":[{"count":1,"href":"https:\/\/jm-metropole.com.br\/site\/wp-json\/wp\/v2\/posts\/28652\/revisions"}],"predecessor-version":[{"id":28654,"href":"https:\/\/jm-metropole.com.br\/site\/wp-json\/wp\/v2\/posts\/28652\/revisions\/28654"}],"wp:featuredmedia":[{"embeddable":true,"href":"https:\/\/jm-metropole.com.br\/site\/wp-json\/wp\/v2\/media\/28653"}],"wp:attachment":[{"href":"https:\/\/jm-metropole.com.br\/site\/wp-json\/wp\/v2\/media?parent=28652"}],"wp:term":[{"taxonomy":"category","embeddable":true,"href":"https:\/\/jm-metropole.com.br\/site\/wp-json\/wp\/v2\/categories?post=28652"},{"taxonomy":"post_tag","embeddable":true,"href":"https:\/\/jm-metropole.com.br\/site\/wp-json\/wp\/v2\/tags?post=28652"}],"curies":[{"name":"wp","href":"https:\/\/api.w.org\/{rel}","templated":true}]}}