{"id":28632,"date":"2026-01-16T20:59:13","date_gmt":"2026-01-16T23:59:13","guid":{"rendered":"https:\/\/jm-metropole.com.br\/site\/?p=28632"},"modified":"2026-01-16T20:59:13","modified_gmt":"2026-01-16T23:59:13","slug":"prefeitura-de-santa-isabel-realiza-vacinacao-antirrabica-no-bairro-cafundo","status":"publish","type":"post","link":"https:\/\/jm-metropole.com.br\/site\/prefeitura-de-santa-isabel-realiza-vacinacao-antirrabica-no-bairro-cafundo\/","title":{"rendered":"PREFEITURA DE SANTA ISABEL REALIZA VACINA\u00c7\u00c3O ANTIRR\u00c1BICA NO BAIRRO CAFUND\u00d3"},"content":{"rendered":"<div id=\"model-response-message-contentr_35dd5c0c2c985161\" class=\"markdown markdown-main-panel stronger enable-updated-hr-color\" dir=\"ltr\" aria-live=\"polite\" aria-busy=\"false\">\n<p style=\"text-align: justify;\" data-path-to-node=\"1\">A Prefeitura de Santa Isabel, por meio da Secretaria Municipal de Sa\u00fade e da Vigil\u00e2ncia em Sa\u00fade, promove no dia 29 de janeiro uma a\u00e7\u00e3o de vacina\u00e7\u00e3o antirr\u00e1bica para c\u00e3es no bairro Cafund\u00f3. A iniciativa faz parte do calend\u00e1rio anual de preven\u00e7\u00e3o e tem como objetivo proteger a sa\u00fade dos animais e evitar a transmiss\u00e3o da doen\u00e7a para a popula\u00e7\u00e3o.<\/p>\n<p style=\"text-align: justify;\" data-path-to-node=\"2\"><img loading=\"lazy\" decoding=\"async\" class=\"alignright size-medium wp-image-28634\" src=\"https:\/\/jm-metropole.com.br\/site\/wp-content\/uploads\/2026\/01\/VACINACAO-CANINA-LUCAS-SIMOES-VETERINARIO-1-169x300.jpeg\" alt=\"\" width=\"169\" height=\"300\" srcset=\"https:\/\/jm-metropole.com.br\/site\/wp-content\/uploads\/2026\/01\/VACINACAO-CANINA-LUCAS-SIMOES-VETERINARIO-1-169x300.jpeg 169w, https:\/\/jm-metropole.com.br\/site\/wp-content\/uploads\/2026\/01\/VACINACAO-CANINA-LUCAS-SIMOES-VETERINARIO-1-576x1024.jpeg 576w, https:\/\/jm-metropole.com.br\/site\/wp-content\/uploads\/2026\/01\/VACINACAO-CANINA-LUCAS-SIMOES-VETERINARIO-1-150x267.jpeg 150w, https:\/\/jm-metropole.com.br\/site\/wp-content\/uploads\/2026\/01\/VACINACAO-CANINA-LUCAS-SIMOES-VETERINARIO-1-300x533.jpeg 300w, https:\/\/jm-metropole.com.br\/site\/wp-content\/uploads\/2026\/01\/VACINACAO-CANINA-LUCAS-SIMOES-VETERINARIO-1-600x1067.jpeg 600w, https:\/\/jm-metropole.com.br\/site\/wp-content\/uploads\/2026\/01\/VACINACAO-CANINA-LUCAS-SIMOES-VETERINARIO-1-696x1237.jpeg 696w, https:\/\/jm-metropole.com.br\/site\/wp-content\/uploads\/2026\/01\/VACINACAO-CANINA-LUCAS-SIMOES-VETERINARIO-1-236x420.jpeg 236w, https:\/\/jm-metropole.com.br\/site\/wp-content\/uploads\/2026\/01\/VACINACAO-CANINA-LUCAS-SIMOES-VETERINARIO-1-473x840.jpeg 473w, https:\/\/jm-metropole.com.br\/site\/wp-content\/uploads\/2026\/01\/VACINACAO-CANINA-LUCAS-SIMOES-VETERINARIO-1.jpeg 720w\" sizes=\"auto, (max-width: 169px) 100vw, 169px\" \/>O atendimento ser\u00e1 realizado das 9h \u00e0s 15h, na Rua Aristides de Souza Soares, n\u00ba 285, em frente \u00e0 antiga associa\u00e7\u00e3o de moradores. A a\u00e7\u00e3o \u00e9 voltada exclusivamente para c\u00e3es, sendo necess\u00e1ria a presen\u00e7a de um tutor respons\u00e1vel para conduzir o animal at\u00e9 o local de imuniza\u00e7\u00e3o.<\/p>\n<p style=\"text-align: justify;\" data-path-to-node=\"3\">A raiva \u00e9 uma doen\u00e7a infecciosa grave, de evolu\u00e7\u00e3o r\u00e1pida e fatal, que pode ser transmitida aos seres humanos. Por esse motivo, as autoridades de sa\u00fade refor\u00e7am que a vacina\u00e7\u00e3o anual \u00e9 a ferramenta mais eficaz para o controle da circula\u00e7\u00e3o do v\u00edrus e para a seguran\u00e7a coletiva da comunidade.<\/p>\n<p style=\"text-align: justify;\" data-path-to-node=\"4\">A Secretaria de Sa\u00fade orienta que os tutores n\u00e3o deixem de levar seus animais para receber a dose, contribuindo para o fortalecimento das pol\u00edticas de sa\u00fade p\u00fablica no munic\u00edpio. A vacina\u00e7\u00e3o \u00e9 gratuita e essencial para manter os \u00edndices de controle da doen\u00e7a em dia na regi\u00e3o.<\/p>\n<p style=\"text-align: right;\" data-path-to-node=\"5\"><em>Foto: Divulga\u00e7\u00e3o \/ Prefeitura de Santa Isabel<\/em><\/p>\n<\/div>\n","protected":false},"excerpt":{"rendered":"<p>A Prefeitura de Santa Isabel, por meio da Secretaria Municipal de Sa\u00fade e da Vigil\u00e2ncia em Sa\u00fade, promove no dia 29 de janeiro uma a\u00e7\u00e3o de vacina\u00e7\u00e3o antirr\u00e1bica para c\u00e3es no bairro Cafund\u00f3. A iniciativa faz parte do calend\u00e1rio anual de preven\u00e7\u00e3o e tem como objetivo proteger a sa\u00fade dos animais e evitar a transmiss\u00e3o [&hellip;]<\/p>\n","protected":false},"author":1,"featured_media":28633,"comment_status":"open","ping_status":"open","sticky":false,"template":"","format":"standard","meta":{"footnotes":""},"categories":[5,11],"tags":[],"class_list":{"0":"post-28632","1":"post","2":"type-post","3":"status-publish","4":"format-standard","5":"has-post-thumbnail","7":"category-santa-isabel","8":"category-saude"},"_links":{"self":[{"href":"https:\/\/jm-metropole.com.br\/site\/wp-json\/wp\/v2\/posts\/28632","targetHints":{"allow":["GET"]}}],"collection":[{"href":"https:\/\/jm-metropole.com.br\/site\/wp-json\/wp\/v2\/posts"}],"about":[{"href":"https:\/\/jm-metropole.com.br\/site\/wp-json\/wp\/v2\/types\/post"}],"author":[{"embeddable":true,"href":"https:\/\/jm-metropole.com.br\/site\/wp-json\/wp\/v2\/users\/1"}],"replies":[{"embeddable":true,"href":"https:\/\/jm-metropole.com.br\/site\/wp-json\/wp\/v2\/comments?post=28632"}],"version-history":[{"count":1,"href":"https:\/\/jm-metropole.com.br\/site\/wp-json\/wp\/v2\/posts\/28632\/revisions"}],"predecessor-version":[{"id":28635,"href":"https:\/\/jm-metropole.com.br\/site\/wp-json\/wp\/v2\/posts\/28632\/revisions\/28635"}],"wp:featuredmedia":[{"embeddable":true,"href":"https:\/\/jm-metropole.com.br\/site\/wp-json\/wp\/v2\/media\/28633"}],"wp:attachment":[{"href":"https:\/\/jm-metropole.com.br\/site\/wp-json\/wp\/v2\/media?parent=28632"}],"wp:term":[{"taxonomy":"category","embeddable":true,"href":"https:\/\/jm-metropole.com.br\/site\/wp-json\/wp\/v2\/categories?post=28632"},{"taxonomy":"post_tag","embeddable":true,"href":"https:\/\/jm-metropole.com.br\/site\/wp-json\/wp\/v2\/tags?post=28632"}],"curies":[{"name":"wp","href":"https:\/\/api.w.org\/{rel}","templated":true}]}}