{"id":28606,"date":"2026-01-16T20:47:31","date_gmt":"2026-01-16T23:47:31","guid":{"rendered":"https:\/\/jm-metropole.com.br\/site\/?p=28606"},"modified":"2026-01-16T20:47:31","modified_gmt":"2026-01-16T23:47:31","slug":"reforma-tributaria-e-o-impacto-invisivel-no-bolso-do-cidadao-o-que-muda-em-2026-e-por-que-voce-precisa-se-preparar-agora","status":"publish","type":"post","link":"https:\/\/jm-metropole.com.br\/site\/reforma-tributaria-e-o-impacto-invisivel-no-bolso-do-cidadao-o-que-muda-em-2026-e-por-que-voce-precisa-se-preparar-agora\/","title":{"rendered":"REFORMA TRIBUT\u00c1RIA E O IMPACTO INVIS\u00cdVEL NO BOLSO DO CIDAD\u00c3O: O QUE MUDA EM 2026 E POR QUE VOC\u00ca PRECISA SE PREPARAR AGORA"},"content":{"rendered":"<p style=\"text-align: right;\">Por: Valesca Vaccari<\/p>\n<p style=\"text-align: justify;\">A Reforma Tribut\u00e1ria deixou de ser apenas um debate t\u00e9cnico entre contadores, advogados e empres\u00e1rios. Ela j\u00e1 entrou na vida real, no pre\u00e7o dos produtos, no custo dos servi\u00e7os e, principalmente, na forma como o cidad\u00e3o comum e os empreendedores precisar\u00e3o se organizar financeiramente a partir de 2026.<\/p>\n<p style=\"text-align: justify;\">Com a substitui\u00e7\u00e3o gradual de tributos como ICMS, ISS, PIS e Cofins pelo novo modelo de IVA dual \u2014 CBS e IBS \u2014 o Brasil inicia uma das maiores transforma\u00e7\u00f5es fiscais da sua hist\u00f3ria. Na teoria, o sistema se torna mais simples. Na pr\u00e1tica, ele exige planejamento, adapta\u00e7\u00e3o de contratos, revis\u00e3o de precifica\u00e7\u00e3o e uma nova mentalidade de gest\u00e3o.<\/p>\n<p style=\"text-align: justify;\">O impacto mais sens\u00edvel n\u00e3o est\u00e1 apenas na al\u00edquota. Est\u00e1 na forma como os impostos passam a ser apurados, compensados e fiscalizados. Empresas que n\u00e3o ajustarem seus sistemas, contratos e estrutura jur\u00eddica poder\u00e3o enfrentar autua\u00e7\u00f5es, perda de cr\u00e9ditos tribut\u00e1rios e aumento real da carga fiscal sem sequer perceberem de onde veio o problema.<\/p>\n<p style=\"text-align: justify;\">No setor imobili\u00e1rio, por exemplo, os reflexos s\u00e3o ainda mais delicados. Incorpora\u00e7\u00f5es, loteamentos, contratos de permuta, SPEs e holdings patrimoniais passam a exigir uma leitura integrada entre direito, contabilidade e estrat\u00e9gia tribut\u00e1ria. O que antes era tratado como uma simples \u201cestrutura de economia fiscal\u201d agora se torna um tema de governan\u00e7a, compliance e seguran\u00e7a patrimonial.<\/p>\n<p style=\"text-align: justify;\">Para o cidad\u00e3o, a mudan\u00e7a tamb\u00e9m \u00e9 silenciosa. Servi\u00e7os do dia a dia da escola ao plano de sa\u00fade, do aluguel \u00e0 presta\u00e7\u00e3o de servi\u00e7os profissionais tendem a refletir essa nova l\u00f3gica tribut\u00e1ria nos pre\u00e7os e nas cl\u00e1usulas contratuais. Entender o que est\u00e1 por tr\u00e1s dessas mudan\u00e7as \u00e9 uma forma de prote\u00e7\u00e3o financeira e jur\u00eddica.<\/p>\n<p style=\"text-align: justify;\">A grande verdade \u00e9 que a Reforma Tribut\u00e1ria n\u00e3o come\u00e7a em 2026. Ela come\u00e7a agora, no planejamento. Quem se antecipa, revisa contratos, ajusta modelos de neg\u00f3cio e estrutura sua vida patrimonial com orienta\u00e7\u00e3o t\u00e9cnica sai na frente. Quem ignora, corre o risco de sentir o impacto apenas quando ele j\u00e1 estiver no extrato banc\u00e1rio.<\/p>\n<p style=\"text-align: justify;\">Mais do que uma mudan\u00e7a de impostos, estamos vivendo uma mudan\u00e7a de cultura: a era da improvisa\u00e7\u00e3o fiscal est\u00e1 chegando ao fim. E a era da gest\u00e3o jur\u00eddica e tribut\u00e1ria estrat\u00e9gica est\u00e1 apenas come\u00e7ando.<\/p>\n","protected":false},"excerpt":{"rendered":"<p>Por: Valesca Vaccari A Reforma Tribut\u00e1ria deixou de ser apenas um debate t\u00e9cnico entre contadores, advogados e empres\u00e1rios. Ela j\u00e1 entrou na vida real, no pre\u00e7o dos produtos, no custo dos servi\u00e7os e, principalmente, na forma como o cidad\u00e3o comum e os empreendedores precisar\u00e3o se organizar financeiramente a partir de 2026. Com a substitui\u00e7\u00e3o gradual [&hellip;]<\/p>\n","protected":false},"author":1,"featured_media":28616,"comment_status":"open","ping_status":"open","sticky":false,"template":"","format":"standard","meta":{"footnotes":""},"categories":[1],"tags":[],"class_list":{"0":"post-28606","1":"post","2":"type-post","3":"status-publish","4":"format-standard","5":"has-post-thumbnail","7":"category-tudo"},"_links":{"self":[{"href":"https:\/\/jm-metropole.com.br\/site\/wp-json\/wp\/v2\/posts\/28606","targetHints":{"allow":["GET"]}}],"collection":[{"href":"https:\/\/jm-metropole.com.br\/site\/wp-json\/wp\/v2\/posts"}],"about":[{"href":"https:\/\/jm-metropole.com.br\/site\/wp-json\/wp\/v2\/types\/post"}],"author":[{"embeddable":true,"href":"https:\/\/jm-metropole.com.br\/site\/wp-json\/wp\/v2\/users\/1"}],"replies":[{"embeddable":true,"href":"https:\/\/jm-metropole.com.br\/site\/wp-json\/wp\/v2\/comments?post=28606"}],"version-history":[{"count":1,"href":"https:\/\/jm-metropole.com.br\/site\/wp-json\/wp\/v2\/posts\/28606\/revisions"}],"predecessor-version":[{"id":28617,"href":"https:\/\/jm-metropole.com.br\/site\/wp-json\/wp\/v2\/posts\/28606\/revisions\/28617"}],"wp:featuredmedia":[{"embeddable":true,"href":"https:\/\/jm-metropole.com.br\/site\/wp-json\/wp\/v2\/media\/28616"}],"wp:attachment":[{"href":"https:\/\/jm-metropole.com.br\/site\/wp-json\/wp\/v2\/media?parent=28606"}],"wp:term":[{"taxonomy":"category","embeddable":true,"href":"https:\/\/jm-metropole.com.br\/site\/wp-json\/wp\/v2\/categories?post=28606"},{"taxonomy":"post_tag","embeddable":true,"href":"https:\/\/jm-metropole.com.br\/site\/wp-json\/wp\/v2\/tags?post=28606"}],"curies":[{"name":"wp","href":"https:\/\/api.w.org\/{rel}","templated":true}]}}