{"id":28602,"date":"2026-01-16T20:25:49","date_gmt":"2026-01-16T23:25:49","guid":{"rendered":"https:\/\/jm-metropole.com.br\/site\/?p=28602"},"modified":"2026-01-16T20:25:49","modified_gmt":"2026-01-16T23:25:49","slug":"prefeitura-de-santa-isabel-realiza-nebulizacao-veicular-contra-a-dengue-no-monte-serrat","status":"publish","type":"post","link":"https:\/\/jm-metropole.com.br\/site\/prefeitura-de-santa-isabel-realiza-nebulizacao-veicular-contra-a-dengue-no-monte-serrat\/","title":{"rendered":"PREFEITURA DE SANTA ISABEL REALIZA NEBULIZA\u00c7\u00c3O VEICULAR CONTRA A DENGUE NO MONTE SERRAT"},"content":{"rendered":"<div id=\"model-response-message-contentr_a78a5ee25e9028ea\" class=\"markdown markdown-main-panel stronger enable-updated-hr-color\" dir=\"ltr\" aria-live=\"polite\" aria-busy=\"false\">\n<p style=\"text-align: justify;\" data-path-to-node=\"1\">A Prefeitura de Santa Isabel, por meio da Vigil\u00e2ncia em Sa\u00fade, confirmou o registro dos primeiros casos positivos de dengue em 2026. De acordo com o \u00f3rg\u00e3o, a maior incid\u00eancia de notifica\u00e7\u00f5es foi identificada no bairro Jardim Monte Serrat. Em resposta ao cen\u00e1rio epidemiol\u00f3gico, o munic\u00edpio realizar\u00e1 uma nebuliza\u00e7\u00e3o veicular com inseticida para eliminar mosquitos adultos e reduzir a circula\u00e7\u00e3o do v\u00edrus.<\/p>\n<p style=\"text-align: justify;\" data-path-to-node=\"2\">A a\u00e7\u00e3o est\u00e1 agendada para os dias 19, 20 e 21 de janeiro, sempre a partir das 18h. O hor\u00e1rio foi escolhido por ser o per\u00edodo de maior atividade do mosquito Aedes aegypti, o que garante maior efic\u00e1cia na aplica\u00e7\u00e3o. No entanto, a prefeitura ressalta que o servi\u00e7o est\u00e1 condicionado \u00e0s condi\u00e7\u00f5es clim\u00e1ticas; em caso de chuva ou ventos fortes, a atividade poder\u00e1 ser remarcada.<\/p>\n<p style=\"text-align: justify;\" data-path-to-node=\"3\">Durante a passagem do ve\u00edculo de nebuliza\u00e7\u00e3o, a Vigil\u00e2ncia em Sa\u00fade orienta que os moradores mantenham portas, port\u00f5es, janelas e cortinas abertas para que o inseticida alcance o interior dos im\u00f3veis. Al\u00e9m disso, \u00e9 necess\u00e1rio proteger alimentos e manter animais de estima\u00e7\u00e3o em locais seguros e isolados durante o procedimento.<\/p>\n<p style=\"text-align: justify;\" data-path-to-node=\"4\">Apesar da interven\u00e7\u00e3o com o inseticida, as autoridades de sa\u00fade refor\u00e7am que a nebuliza\u00e7\u00e3o \u00e9 uma medida complementar e n\u00e3o substitui os cuidados preventivos. A principal forma de combate \u00e0 doen\u00e7a continua sendo a elimina\u00e7\u00e3o de criadouros em ambientes dom\u00e9sticos. A recomenda\u00e7\u00e3o \u00e9 que a popula\u00e7\u00e3o mantenha quintais limpos e evite o ac\u00famulo de \u00e1gua em recipientes, uma vez que o controle do mosquito depende da colabora\u00e7\u00e3o cont\u00ednua de todos os cidad\u00e3os.<\/p>\n<p style=\"text-align: right;\" data-path-to-node=\"5\"><em>Foto: Divulga\u00e7\u00e3o \/ Prefeitura de Santa Isabel<\/em><\/p>\n<\/div>\n","protected":false},"excerpt":{"rendered":"<p>A Prefeitura de Santa Isabel, por meio da Vigil\u00e2ncia em Sa\u00fade, confirmou o registro dos primeiros casos positivos de dengue em 2026. De acordo com o \u00f3rg\u00e3o, a maior incid\u00eancia de notifica\u00e7\u00f5es foi identificada no bairro Jardim Monte Serrat. Em resposta ao cen\u00e1rio epidemiol\u00f3gico, o munic\u00edpio realizar\u00e1 uma nebuliza\u00e7\u00e3o veicular com inseticida para eliminar mosquitos [&hellip;]<\/p>\n","protected":false},"author":1,"featured_media":28603,"comment_status":"open","ping_status":"open","sticky":false,"template":"","format":"standard","meta":{"footnotes":""},"categories":[2,5,11],"tags":[],"class_list":{"0":"post-28602","1":"post","2":"type-post","3":"status-publish","4":"format-standard","5":"has-post-thumbnail","7":"category-cidades","8":"category-santa-isabel","9":"category-saude"},"_links":{"self":[{"href":"https:\/\/jm-metropole.com.br\/site\/wp-json\/wp\/v2\/posts\/28602","targetHints":{"allow":["GET"]}}],"collection":[{"href":"https:\/\/jm-metropole.com.br\/site\/wp-json\/wp\/v2\/posts"}],"about":[{"href":"https:\/\/jm-metropole.com.br\/site\/wp-json\/wp\/v2\/types\/post"}],"author":[{"embeddable":true,"href":"https:\/\/jm-metropole.com.br\/site\/wp-json\/wp\/v2\/users\/1"}],"replies":[{"embeddable":true,"href":"https:\/\/jm-metropole.com.br\/site\/wp-json\/wp\/v2\/comments?post=28602"}],"version-history":[{"count":1,"href":"https:\/\/jm-metropole.com.br\/site\/wp-json\/wp\/v2\/posts\/28602\/revisions"}],"predecessor-version":[{"id":28604,"href":"https:\/\/jm-metropole.com.br\/site\/wp-json\/wp\/v2\/posts\/28602\/revisions\/28604"}],"wp:featuredmedia":[{"embeddable":true,"href":"https:\/\/jm-metropole.com.br\/site\/wp-json\/wp\/v2\/media\/28603"}],"wp:attachment":[{"href":"https:\/\/jm-metropole.com.br\/site\/wp-json\/wp\/v2\/media?parent=28602"}],"wp:term":[{"taxonomy":"category","embeddable":true,"href":"https:\/\/jm-metropole.com.br\/site\/wp-json\/wp\/v2\/categories?post=28602"},{"taxonomy":"post_tag","embeddable":true,"href":"https:\/\/jm-metropole.com.br\/site\/wp-json\/wp\/v2\/tags?post=28602"}],"curies":[{"name":"wp","href":"https:\/\/api.w.org\/{rel}","templated":true}]}}