{"id":28600,"date":"2026-01-16T20:24:50","date_gmt":"2026-01-16T23:24:50","guid":{"rendered":"https:\/\/jm-metropole.com.br\/site\/?p=28600"},"modified":"2026-01-16T20:24:50","modified_gmt":"2026-01-16T23:24:50","slug":"praca-da-cidadania-em-itaqua-abre-inscricoes-para-cursos-profissionalizantes","status":"publish","type":"post","link":"https:\/\/jm-metropole.com.br\/site\/praca-da-cidadania-em-itaqua-abre-inscricoes-para-cursos-profissionalizantes\/","title":{"rendered":"PRA\u00c7A DA CIDADANIA EM ITAQU\u00c1 ABRE INSCRI\u00c7\u00d5ES PARA CURSOS PROFISSIONALIZANTES"},"content":{"rendered":"<div id=\"model-response-message-contentr_72177e90c4b5af6d\" class=\"markdown markdown-main-panel stronger enable-updated-hr-color\" dir=\"ltr\" aria-live=\"polite\" aria-busy=\"false\">\n<p style=\"text-align: justify;\" data-path-to-node=\"1\">A Pra\u00e7a da Cidadania de Itaquaquecetuba, gerida pelo Fundo Social de S\u00e3o Paulo, est\u00e1 com inscri\u00e7\u00f5es abertas para quatro cursos profissionalizantes gratuitos. Ao todo, est\u00e3o sendo oferecidas 60 vagas para pessoas maiores de 18 anos. As aulas come\u00e7am no dia 19 de janeiro e visam qualificar a m\u00e3o de obra local para o mercado de trabalho.<\/p>\n<p style=\"text-align: justify;\" data-path-to-node=\"2\">Os cursos dispon\u00edveis s\u00e3o corte e costura, no per\u00edodo da manh\u00e3; marmitaria, \u00e0 tarde; e barbeiro e chapeiro, no turno da noite. Cada forma\u00e7\u00e3o tem dura\u00e7\u00e3o de 40 horas, com aulas de segunda a sexta-feira durante duas semanas. As turmas s\u00e3o divididas em hor\u00e1rios das 8h \u00e0s 12h, das 13h \u00e0s 17h e das 18h \u00e0s 22h, com 15 vagas reservadas para cada especialidade.<\/p>\n<p style=\"text-align: justify;\" data-path-to-node=\"3\">A presidente do Fundo Social de Itaquaquecetuba, Mila Boigues, afirmou que a iniciativa busca oferecer ferramentas de transforma\u00e7\u00e3o social e autonomia para os mun\u00edcipes. Segundo o secret\u00e1rio de Governo, Marcello Barbosa, a oferta refor\u00e7a o compromisso da administra\u00e7\u00e3o com as pol\u00edticas de inclus\u00e3o social e capacita\u00e7\u00e3o profissional.<\/p>\n<p style=\"text-align: justify;\" data-path-to-node=\"4\">O prefeito Eduardo Boigues destacou a import\u00e2ncia do equipamento da Pra\u00e7a da Cidadania na gera\u00e7\u00e3o de emprego e renda, convidando os moradores a aproveitarem a oportunidade de qualifica\u00e7\u00e3o gratuita para construir novas perspectivas profissionais.<\/p>\n<p style=\"text-align: justify;\" data-path-to-node=\"5\">As inscri\u00e7\u00f5es devem ser realizadas presencialmente na unidade, localizada na Avenida Gon\u00e7alves Dias, 615, no Parque Residencial Marengo. Os interessados devem comparecer nesta quinta (15) e sexta-feira (16), das 8h \u00e0s 17h, para efetivar a matr\u00edcula.<\/p>\n<p style=\"text-align: right;\" data-path-to-node=\"6\"><em>Fotos: Dayane Oliveira<\/em><\/p>\n<\/div>\n","protected":false},"excerpt":{"rendered":"<p>A Pra\u00e7a da Cidadania de Itaquaquecetuba, gerida pelo Fundo Social de S\u00e3o Paulo, est\u00e1 com inscri\u00e7\u00f5es abertas para quatro cursos profissionalizantes gratuitos. Ao todo, est\u00e3o sendo oferecidas 60 vagas para pessoas maiores de 18 anos. As aulas come\u00e7am no dia 19 de janeiro e visam qualificar a m\u00e3o de obra local para o mercado de [&hellip;]<\/p>\n","protected":false},"author":1,"featured_media":28597,"comment_status":"open","ping_status":"open","sticky":false,"template":"","format":"standard","meta":{"footnotes":""},"categories":[2,6],"tags":[],"class_list":{"0":"post-28600","1":"post","2":"type-post","3":"status-publish","4":"format-standard","5":"has-post-thumbnail","7":"category-cidades","8":"category-itaqua"},"_links":{"self":[{"href":"https:\/\/jm-metropole.com.br\/site\/wp-json\/wp\/v2\/posts\/28600","targetHints":{"allow":["GET"]}}],"collection":[{"href":"https:\/\/jm-metropole.com.br\/site\/wp-json\/wp\/v2\/posts"}],"about":[{"href":"https:\/\/jm-metropole.com.br\/site\/wp-json\/wp\/v2\/types\/post"}],"author":[{"embeddable":true,"href":"https:\/\/jm-metropole.com.br\/site\/wp-json\/wp\/v2\/users\/1"}],"replies":[{"embeddable":true,"href":"https:\/\/jm-metropole.com.br\/site\/wp-json\/wp\/v2\/comments?post=28600"}],"version-history":[{"count":1,"href":"https:\/\/jm-metropole.com.br\/site\/wp-json\/wp\/v2\/posts\/28600\/revisions"}],"predecessor-version":[{"id":28601,"href":"https:\/\/jm-metropole.com.br\/site\/wp-json\/wp\/v2\/posts\/28600\/revisions\/28601"}],"wp:featuredmedia":[{"embeddable":true,"href":"https:\/\/jm-metropole.com.br\/site\/wp-json\/wp\/v2\/media\/28597"}],"wp:attachment":[{"href":"https:\/\/jm-metropole.com.br\/site\/wp-json\/wp\/v2\/media?parent=28600"}],"wp:term":[{"taxonomy":"category","embeddable":true,"href":"https:\/\/jm-metropole.com.br\/site\/wp-json\/wp\/v2\/categories?post=28600"},{"taxonomy":"post_tag","embeddable":true,"href":"https:\/\/jm-metropole.com.br\/site\/wp-json\/wp\/v2\/tags?post=28600"}],"curies":[{"name":"wp","href":"https:\/\/api.w.org\/{rel}","templated":true}]}}