{"id":28592,"date":"2026-01-16T20:06:31","date_gmt":"2026-01-16T23:06:31","guid":{"rendered":"https:\/\/jm-metropole.com.br\/site\/?p=28592"},"modified":"2026-01-16T20:30:25","modified_gmt":"2026-01-16T23:30:25","slug":"prefeitura-assina-acordo-para-armamento-da-gcm-mas-corporacao-segue-atuando-sem-arma-de-fogo","status":"publish","type":"post","link":"https:\/\/jm-metropole.com.br\/site\/prefeitura-assina-acordo-para-armamento-da-gcm-mas-corporacao-segue-atuando-sem-arma-de-fogo\/","title":{"rendered":"PREFEITURA ASSINA ACORDO PARA ARMAMENTO DA GCM, MAS CORPORA\u00c7\u00c3O SEGUE ATUANDO SEM ARMA DE FOGO"},"content":{"rendered":"<div id=\"model-response-message-contentr_f27b84552a01cddd\" class=\"markdown markdown-main-panel stronger enable-updated-hr-color\" dir=\"ltr\" aria-live=\"polite\" aria-busy=\"false\">\n<p style=\"text-align: justify;\" data-path-to-node=\"1\">A Prefeitura de Santa Isabel anunciou, nesta sexta-feira (16\/01), a assinatura de um Acordo de Coopera\u00e7\u00e3o T\u00e9cnica com a Pol\u00edcia Federal para o armamento da Guarda Civil Municipal (GCM). Embora a gest\u00e3o municipal tenha classificado o ato como um passo hist\u00f3rico, a realidade pr\u00e1tica para os agentes e para a seguran\u00e7a da popula\u00e7\u00e3o permanece inalterada: a corpora\u00e7\u00e3o segue desarmada e sem previs\u00e3o concreta para o in\u00edcio da utiliza\u00e7\u00e3o dos equipamentos.<\/p>\n<p style=\"text-align: justify;\" data-path-to-node=\"2\">O an\u00fancio ocorre em um cen\u00e1rio de cobran\u00e7as sobre a infraestrutura da guarda. Recentemente, o Jornal Metr\u00f3pole mostrou que a GCM de Santa Isabel tem registrado bons \u00edndices de produtividade e bons servi\u00e7os prestados \u00e0 comunidade, mesmo operando em condi\u00e7\u00f5es adversas, sem armamento e com viaturas que nem sempre atendem \u00e0 necessidade do patrulhamento. A boa atua\u00e7\u00e3o dos agentes, no entanto, contrasta com a morosidade administrativa e o sil\u00eancio da prefeitura sobre pontos t\u00e9cnicos essenciais.<\/p>\n<figure id=\"attachment_28593\" aria-describedby=\"caption-attachment-28593\" style=\"width: 225px\" class=\"wp-caption alignright\"><img loading=\"lazy\" decoding=\"async\" class=\"size-medium wp-image-28593\" src=\"https:\/\/jm-metropole.com.br\/site\/wp-content\/uploads\/2026\/01\/WhatsApp-Image-2026-01-16-at-17.20.41-225x300.jpeg\" alt=\"\" width=\"225\" height=\"300\" srcset=\"https:\/\/jm-metropole.com.br\/site\/wp-content\/uploads\/2026\/01\/WhatsApp-Image-2026-01-16-at-17.20.41-225x300.jpeg 225w, https:\/\/jm-metropole.com.br\/site\/wp-content\/uploads\/2026\/01\/WhatsApp-Image-2026-01-16-at-17.20.41-768x1024.jpeg 768w, https:\/\/jm-metropole.com.br\/site\/wp-content\/uploads\/2026\/01\/WhatsApp-Image-2026-01-16-at-17.20.41-1152x1536.jpeg 1152w, https:\/\/jm-metropole.com.br\/site\/wp-content\/uploads\/2026\/01\/WhatsApp-Image-2026-01-16-at-17.20.41-150x200.jpeg 150w, https:\/\/jm-metropole.com.br\/site\/wp-content\/uploads\/2026\/01\/WhatsApp-Image-2026-01-16-at-17.20.41-300x400.jpeg 300w, https:\/\/jm-metropole.com.br\/site\/wp-content\/uploads\/2026\/01\/WhatsApp-Image-2026-01-16-at-17.20.41-600x800.jpeg 600w, https:\/\/jm-metropole.com.br\/site\/wp-content\/uploads\/2026\/01\/WhatsApp-Image-2026-01-16-at-17.20.41-696x928.jpeg 696w, https:\/\/jm-metropole.com.br\/site\/wp-content\/uploads\/2026\/01\/WhatsApp-Image-2026-01-16-at-17.20.41-1068x1424.jpeg 1068w, https:\/\/jm-metropole.com.br\/site\/wp-content\/uploads\/2026\/01\/WhatsApp-Image-2026-01-16-at-17.20.41-315x420.jpeg 315w, https:\/\/jm-metropole.com.br\/site\/wp-content\/uploads\/2026\/01\/WhatsApp-Image-2026-01-16-at-17.20.41-630x840.jpeg 630w, https:\/\/jm-metropole.com.br\/site\/wp-content\/uploads\/2026\/01\/WhatsApp-Image-2026-01-16-at-17.20.41.jpeg 1200w\" sizes=\"auto, (max-width: 225px) 100vw, 225px\" \/><figcaption id=\"caption-attachment-28593\" class=\"wp-caption-text\">Efetivo j\u00e1 iniciou o treinamento com armas<\/figcaption><\/figure>\n<p style=\"text-align: justify;\" data-path-to-node=\"3\">O termo assinado com a Pol\u00edcia Federal \u00e9 apenas o in\u00edcio de um processo burocr\u00e1tico. Para que as armas cheguem efetivamente \u00e0s m\u00e3os dos guardas, o acordo precisa ser publicado no Di\u00e1rio Oficial e receber o reconhecimento final do \u00f3rg\u00e3o federal. Al\u00e9m das etapas legais, a administra\u00e7\u00e3o municipal falha ao n\u00e3o apresentar um planejamento log\u00edstico transparente. Questionada pela nossa reportagem, a prefeitura n\u00e3o respondeu sobre o processo de licita\u00e7\u00e3o e compra das armas e os prazos para a entrega dos armamentos.<\/p>\n<p style=\"text-align: justify;\" data-path-to-node=\"4\">Outro ponto cr\u00edtico ignorado pela gest\u00e3o \u00e9 a infraestrutura de seguran\u00e7a para o pr\u00f3prio armamento. At\u00e9 o momento, n\u00e3o h\u00e1 informa\u00e7\u00f5es sobre a constru\u00e7\u00e3o ou adapta\u00e7\u00e3o de uma sala-cofre na sede da GCM, exig\u00eancia fundamental para a guarda de armas e muni\u00e7\u00f5es. Sem esse espa\u00e7o t\u00e9cnico e seguro, o armamento da tropa torna-se invi\u00e1vel, independentemente de acordos assinados em papel.<\/p>\n<p style=\"text-align: justify;\" data-path-to-node=\"5\">Enquanto a prefeitura celebra o ato administrativo como uma vit\u00f3ria pol\u00edtica, os guardas municipais continuam enfrentando a criminalidade nas ruas de Santa Isabel contando apenas com o preparo pessoal e equipamentos limitados. O Jornal Metr\u00f3pole continuar\u00e1 cobrando respostas sobre os investimentos reais e o cronograma de execu\u00e7\u00e3o, para que a promessa de uma GCM armada n\u00e3o fique travada na burocracia ou na falta de planejamento estrutural.<\/p>\n<p style=\"text-align: right;\" data-path-to-node=\"6\"><em>Foto: Divulga\u00e7\u00e3o \/ Prefeitura de Santa Isabel<\/em><\/p>\n<\/div>\n","protected":false},"excerpt":{"rendered":"<p>A Prefeitura de Santa Isabel anunciou, nesta sexta-feira (16\/01), a assinatura de um Acordo de Coopera\u00e7\u00e3o T\u00e9cnica com a Pol\u00edcia Federal para o armamento da Guarda Civil Municipal (GCM). Embora a gest\u00e3o municipal tenha classificado o ato como um passo hist\u00f3rico, a realidade pr\u00e1tica para os agentes e para a seguran\u00e7a da popula\u00e7\u00e3o permanece inalterada: [&hellip;]<\/p>\n","protected":false},"author":1,"featured_media":28594,"comment_status":"open","ping_status":"open","sticky":false,"template":"","format":"standard","meta":{"footnotes":""},"categories":[2,5,16],"tags":[],"class_list":{"0":"post-28592","1":"post","2":"type-post","3":"status-publish","4":"format-standard","5":"has-post-thumbnail","7":"category-cidades","8":"category-santa-isabel","9":"category-seguranca"},"_links":{"self":[{"href":"https:\/\/jm-metropole.com.br\/site\/wp-json\/wp\/v2\/posts\/28592","targetHints":{"allow":["GET"]}}],"collection":[{"href":"https:\/\/jm-metropole.com.br\/site\/wp-json\/wp\/v2\/posts"}],"about":[{"href":"https:\/\/jm-metropole.com.br\/site\/wp-json\/wp\/v2\/types\/post"}],"author":[{"embeddable":true,"href":"https:\/\/jm-metropole.com.br\/site\/wp-json\/wp\/v2\/users\/1"}],"replies":[{"embeddable":true,"href":"https:\/\/jm-metropole.com.br\/site\/wp-json\/wp\/v2\/comments?post=28592"}],"version-history":[{"count":2,"href":"https:\/\/jm-metropole.com.br\/site\/wp-json\/wp\/v2\/posts\/28592\/revisions"}],"predecessor-version":[{"id":28605,"href":"https:\/\/jm-metropole.com.br\/site\/wp-json\/wp\/v2\/posts\/28592\/revisions\/28605"}],"wp:featuredmedia":[{"embeddable":true,"href":"https:\/\/jm-metropole.com.br\/site\/wp-json\/wp\/v2\/media\/28594"}],"wp:attachment":[{"href":"https:\/\/jm-metropole.com.br\/site\/wp-json\/wp\/v2\/media?parent=28592"}],"wp:term":[{"taxonomy":"category","embeddable":true,"href":"https:\/\/jm-metropole.com.br\/site\/wp-json\/wp\/v2\/categories?post=28592"},{"taxonomy":"post_tag","embeddable":true,"href":"https:\/\/jm-metropole.com.br\/site\/wp-json\/wp\/v2\/tags?post=28592"}],"curies":[{"name":"wp","href":"https:\/\/api.w.org\/{rel}","templated":true}]}}