{"id":28585,"date":"2026-01-16T17:28:49","date_gmt":"2026-01-16T20:28:49","guid":{"rendered":"https:\/\/jm-metropole.com.br\/site\/?p=28585"},"modified":"2026-01-16T17:28:49","modified_gmt":"2026-01-16T20:28:49","slug":"programa-capacita-guararema-abre-inscricoes-para-sete-cursos-gratuitos-de-qualificacao-profissional","status":"publish","type":"post","link":"https:\/\/jm-metropole.com.br\/site\/programa-capacita-guararema-abre-inscricoes-para-sete-cursos-gratuitos-de-qualificacao-profissional\/","title":{"rendered":"PROGRAMA CAPACITA + GUARAREMA ABRE INSCRI\u00c7\u00d5ES PARA SETE CURSOS GRATUITOS DE QUALIFICA\u00c7\u00c3O PROFISSIONAL"},"content":{"rendered":"<div id=\"model-response-message-contentr_bb1662a32f49f9c2\" class=\"markdown markdown-main-panel stronger enable-updated-hr-color\" dir=\"ltr\" aria-live=\"polite\" aria-busy=\"false\">\n<p style=\"text-align: justify;\" data-path-to-node=\"1\">A Prefeitura de Guararema iniciou o per\u00edodo de inscri\u00e7\u00f5es para sete cursos gratuitos de qualifica\u00e7\u00e3o profissional oferecidos pelo programa Capacita + Guararema. As aulas ser\u00e3o realizadas na Escola Profissionalizante Prefeito Sebasti\u00e3o Alvino de Souza ao longo dos pr\u00f3ximos meses, em parceria com institui\u00e7\u00f5es como o Senai, o grupo ACTA e a Associa\u00e7\u00e3o Comercial de Guararema (ACE).<\/p>\n<p style=\"text-align: justify;\" data-path-to-node=\"2\"><img loading=\"lazy\" decoding=\"async\" class=\"alignright size-medium wp-image-28586\" src=\"https:\/\/jm-metropole.com.br\/site\/wp-content\/uploads\/2026\/01\/WhatsApp-Image-2026-01-15-at-22.34.18-300x200.jpeg\" alt=\"\" width=\"300\" height=\"200\" srcset=\"https:\/\/jm-metropole.com.br\/site\/wp-content\/uploads\/2026\/01\/WhatsApp-Image-2026-01-15-at-22.34.18-300x200.jpeg 300w, https:\/\/jm-metropole.com.br\/site\/wp-content\/uploads\/2026\/01\/WhatsApp-Image-2026-01-15-at-22.34.18-768x511.jpeg 768w, https:\/\/jm-metropole.com.br\/site\/wp-content\/uploads\/2026\/01\/WhatsApp-Image-2026-01-15-at-22.34.18-150x100.jpeg 150w, https:\/\/jm-metropole.com.br\/site\/wp-content\/uploads\/2026\/01\/WhatsApp-Image-2026-01-15-at-22.34.18-600x399.jpeg 600w, https:\/\/jm-metropole.com.br\/site\/wp-content\/uploads\/2026\/01\/WhatsApp-Image-2026-01-15-at-22.34.18-696x463.jpeg 696w, https:\/\/jm-metropole.com.br\/site\/wp-content\/uploads\/2026\/01\/WhatsApp-Image-2026-01-15-at-22.34.18-631x420.jpeg 631w, https:\/\/jm-metropole.com.br\/site\/wp-content\/uploads\/2026\/01\/WhatsApp-Image-2026-01-15-at-22.34.18.jpeg 900w\" sizes=\"auto, (max-width: 300px) 100vw, 300px\" \/>As vagas contemplam diferentes setores do mercado de trabalho. Para a \u00e1rea de gastronomia e servi\u00e7os, est\u00e3o dispon\u00edveis cursos de Auxiliar de Cozinha, Padeiro e Confeiteiro, com aulas distribu\u00eddas entre os per\u00edodos da manh\u00e3, tarde e noite. No setor log\u00edstico e industrial, os interessados podem optar pelas forma\u00e7\u00f5es de Auxiliar de Almoxarifado e Mec\u00e2nico Auxiliar de Manuten\u00e7\u00e3o.<\/p>\n<p style=\"text-align: justify;\" data-path-to-node=\"3\">A programa\u00e7\u00e3o tamb\u00e9m inclui o curso voltado para a Organiza\u00e7\u00e3o de Eventos e uma capacita\u00e7\u00e3o t\u00e9cnica em Execu\u00e7\u00e3o de Armaduras para Estruturas de Concreto Armado, sendo esta \u00faltima destinada a quem j\u00e1 possui experi\u00eancia ou conhecimentos b\u00e1sicos na \u00e1rea da constru\u00e7\u00e3o civil. As cargas hor\u00e1rias variam de 40 a 160 horas, dependendo da complexidade do conte\u00fado abordado.<\/p>\n<p style=\"text-align: justify;\" data-path-to-node=\"4\">Os requisitos para participa\u00e7\u00e3o variam conforme o curso escolhido, sendo exigida idade m\u00ednima de 16 ou 18 anos e, em alguns casos, o ensino fundamental completo. Todas as atividades visam estimular o desenvolvimento econ\u00f4mico local e facilitar o acesso dos moradores ao mercado de trabalho formal.<\/p>\n<p style=\"text-align: justify;\" data-path-to-node=\"5\">As inscri\u00e7\u00f5es devem ser realizadas de forma online, por meio de links espec\u00edficos para cada forma\u00e7\u00e3o. Os interessados podem tirar d\u00favidas diretamente com a Escola Profissionalizante pelos telefones (11) 4693-5506 e (11) 4693-4415, ou pelo e-mail escolaprofissionalizante.gma@gmail.com.<\/p>\n<p data-path-to-node=\"5\"><span style=\"color: #3366ff;\"><strong>CONFIRA OS DETALHES E LINKS DE INSCRI\u00c7\u00c3O<\/strong><\/span><\/p>\n<\/div>\n<p data-path-to-node=\"2\"><b data-path-to-node=\"2\" data-index-in-node=\"0\">CURSO: Auxiliar de Cozinha<\/b><\/p>\n<ul data-path-to-node=\"3\">\n<li>\n<p data-path-to-node=\"3,0,0\"><b data-path-to-node=\"3,0,0\" data-index-in-node=\"0\">CARGA HOR\u00c1RIA:<\/b> 40 horas<\/p>\n<\/li>\n<li>\n<p data-path-to-node=\"3,1,0\"><b data-path-to-node=\"3,1,0\" data-index-in-node=\"0\">DATA DE IN\u00cdCIO E T\u00c9RMINO:<\/b> 23 de fevereiro a 06 de mar\u00e7o<\/p>\n<\/li>\n<li>\n<p data-path-to-node=\"3,2,0\"><b data-path-to-node=\"3,2,0\" data-index-in-node=\"0\">DIAS E HOR\u00c1RIOS NA SEMANA:<\/b> Segunda a sexta-feira, das 18h \u00e0s 22h<\/p>\n<\/li>\n<li>\n<p data-path-to-node=\"3,3,0\"><b data-path-to-node=\"3,3,0\" data-index-in-node=\"0\">LINK DE INSCRI\u00c7\u00c3O:<\/b> <a class=\"ng-star-inserted\" href=\"https:\/\/forms.gle\/7SJtiTxT1xTQk26A7\" target=\"_blank\" rel=\"noopener\" data-hveid=\"0\" data-ved=\"0CAAQ_4QMahgKEwj_7ZCgzJCSAxUAAAAAHQAAAAAQjQI\">Clique aqui para se inscrever<\/a><\/p>\n<\/li>\n<\/ul>\n<hr data-path-to-node=\"4\" \/>\n<p data-path-to-node=\"5\"><b data-path-to-node=\"5\" data-index-in-node=\"0\">CURSO: Auxiliar de Almoxarifado<\/b><\/p>\n<ul data-path-to-node=\"6\">\n<li>\n<p data-path-to-node=\"6,0,0\"><b data-path-to-node=\"6,0,0\" data-index-in-node=\"0\">CARGA HOR\u00c1RIA:<\/b> 160 horas<\/p>\n<\/li>\n<li>\n<p data-path-to-node=\"6,1,0\"><b data-path-to-node=\"6,1,0\" data-index-in-node=\"0\">DATA DE IN\u00cdCIO E T\u00c9RMINO:<\/b> 10 de fevereiro a 24 de abril<\/p>\n<\/li>\n<li>\n<p data-path-to-node=\"6,2,0\"><b data-path-to-node=\"6,2,0\" data-index-in-node=\"0\">DIAS E HOR\u00c1RIOS NA SEMANA:<\/b> Ter\u00e7a a sexta-feira, das 13h \u00e0s 17h<\/p>\n<\/li>\n<li>\n<p data-path-to-node=\"6,3,0\"><b data-path-to-node=\"6,3,0\" data-index-in-node=\"0\">LINK DE INSCRI\u00c7\u00c3O:<\/b> <a class=\"ng-star-inserted\" href=\"https:\/\/forms.gle\/CFJsXRaeJ8YgZVX76\" target=\"_blank\" rel=\"noopener\" data-hveid=\"0\" data-ved=\"0CAAQ_4QMahgKEwj_7ZCgzJCSAxUAAAAAHQAAAAAQjgI\">Clique aqui para se inscrever<\/a><\/p>\n<\/li>\n<\/ul>\n<hr data-path-to-node=\"7\" \/>\n<p data-path-to-node=\"8\"><b data-path-to-node=\"8\" data-index-in-node=\"0\">CURSO: Padeiro<\/b><\/p>\n<ul data-path-to-node=\"9\">\n<li>\n<p data-path-to-node=\"9,0,0\"><b data-path-to-node=\"9,0,0\" data-index-in-node=\"0\">CARGA HOR\u00c1RIA:<\/b> N\u00e3o especificada (m\u00e9dio prazo)<\/p>\n<\/li>\n<li>\n<p data-path-to-node=\"9,1,0\"><b data-path-to-node=\"9,1,0\" data-index-in-node=\"0\">DATA DE IN\u00cdCIO E T\u00c9RMINO:<\/b> 24 de fevereiro a 07 de maio<\/p>\n<\/li>\n<li>\n<p data-path-to-node=\"9,2,0\"><b data-path-to-node=\"9,2,0\" data-index-in-node=\"0\">DIAS E HOR\u00c1RIOS NA SEMANA:<\/b> Ter\u00e7a a sexta-feira, das 08h \u00e0s 12h<\/p>\n<\/li>\n<li>\n<p data-path-to-node=\"9,3,0\"><b data-path-to-node=\"9,3,0\" data-index-in-node=\"0\">LINK DE INSCRI\u00c7\u00c3O:<\/b> <a class=\"ng-star-inserted\" href=\"https:\/\/forms.gle\/8pumQFdoerakC3tx9\" target=\"_blank\" rel=\"noopener\" data-hveid=\"0\" data-ved=\"0CAAQ_4QMahgKEwj_7ZCgzJCSAxUAAAAAHQAAAAAQjwI\">Clique aqui para se inscrever<\/a><\/p>\n<\/li>\n<\/ul>\n<hr data-path-to-node=\"10\" \/>\n<p data-path-to-node=\"11\"><b data-path-to-node=\"11\" data-index-in-node=\"0\">CURSO: Aprenda a Organizar Eventos<\/b><\/p>\n<ul data-path-to-node=\"12\">\n<li>\n<p data-path-to-node=\"12,0,0\"><b data-path-to-node=\"12,0,0\" data-index-in-node=\"0\">CARGA HOR\u00c1RIA:<\/b> 40 horas<\/p>\n<\/li>\n<li>\n<p data-path-to-node=\"12,1,0\"><b data-path-to-node=\"12,1,0\" data-index-in-node=\"0\">DATA DE IN\u00cdCIO E T\u00c9RMINO:<\/b> 23 de fevereiro a 06 de mar\u00e7o<\/p>\n<\/li>\n<li>\n<p data-path-to-node=\"12,2,0\"><b data-path-to-node=\"12,2,0\" data-index-in-node=\"0\">DIAS E HOR\u00c1RIOS NA SEMANA:<\/b> Das 18h \u00e0s 22h (conforme cronograma do curso)<\/p>\n<\/li>\n<li>\n<p data-path-to-node=\"12,3,0\"><b data-path-to-node=\"12,3,0\" data-index-in-node=\"0\">LINK DE INSCRI\u00c7\u00c3O:<\/b> <a class=\"ng-star-inserted\" href=\"https:\/\/forms.gle\/jmVQiJhzw8vs7YpY7\" target=\"_blank\" rel=\"noopener\" data-hveid=\"0\" data-ved=\"0CAAQ_4QMahgKEwj_7ZCgzJCSAxUAAAAAHQAAAAAQkAI\">Clique aqui para se inscrever<\/a><\/p>\n<\/li>\n<\/ul>\n<hr data-path-to-node=\"13\" \/>\n<p data-path-to-node=\"14\"><b data-path-to-node=\"14\" data-index-in-node=\"0\">CURSO: T\u00e9cnicas de Execu\u00e7\u00e3o de Armaduras para Estruturas de Concreto Armado<\/b><\/p>\n<ul data-path-to-node=\"15\">\n<li>\n<p data-path-to-node=\"15,0,0\"><b data-path-to-node=\"15,0,0\" data-index-in-node=\"0\">CARGA HOR\u00c1RIA:<\/b> 80 horas<\/p>\n<\/li>\n<li>\n<p data-path-to-node=\"15,1,0\"><b data-path-to-node=\"15,1,0\" data-index-in-node=\"0\">DATA DE IN\u00cdCIO E T\u00c9RMINO:<\/b> 03 de mar\u00e7o a 07 de abril<\/p>\n<\/li>\n<li>\n<p data-path-to-node=\"15,2,0\"><b data-path-to-node=\"15,2,0\" data-index-in-node=\"0\">DIAS E HOR\u00c1RIOS NA SEMANA:<\/b> Ter\u00e7a a sexta-feira, das 08h \u00e0s 12h<\/p>\n<\/li>\n<li>\n<p data-path-to-node=\"15,3,0\"><b data-path-to-node=\"15,3,0\" data-index-in-node=\"0\">LINK DE INSCRI\u00c7\u00c3O:<\/b> <a class=\"ng-star-inserted\" href=\"https:\/\/forms.gle\/RFDUu7cz9hSahzDL9\" target=\"_blank\" rel=\"noopener\" data-hveid=\"0\" data-ved=\"0CAAQ_4QMahgKEwj_7ZCgzJCSAxUAAAAAHQAAAAAQkQI\">Clique aqui para se inscrever<\/a><\/p>\n<\/li>\n<\/ul>\n<hr data-path-to-node=\"16\" \/>\n<p data-path-to-node=\"17\"><b data-path-to-node=\"17\" data-index-in-node=\"0\">CURSO: Confeiteiro<\/b><\/p>\n<ul data-path-to-node=\"18\">\n<li>\n<p data-path-to-node=\"18,0,0\"><b data-path-to-node=\"18,0,0\" data-index-in-node=\"0\">CARGA HOR\u00c1RIA:<\/b> 160 horas<\/p>\n<\/li>\n<li>\n<p data-path-to-node=\"18,1,0\"><b data-path-to-node=\"18,1,0\" data-index-in-node=\"0\">DATA DE IN\u00cdCIO E T\u00c9RMINO:<\/b> 24 de fevereiro a 27 de maio<\/p>\n<\/li>\n<li>\n<p data-path-to-node=\"18,2,0\"><b data-path-to-node=\"18,2,0\" data-index-in-node=\"0\">DIAS E HOR\u00c1RIOS NA SEMANA:<\/b> Ter\u00e7a a quinta-feira, das 13h \u00e0s 17h<\/p>\n<\/li>\n<li>\n<p data-path-to-node=\"18,3,0\"><b data-path-to-node=\"18,3,0\" data-index-in-node=\"0\">LINK DE INSCRI\u00c7\u00c3O:<\/b> <a class=\"ng-star-inserted\" href=\"https:\/\/forms.gle\/8pumQFdoerakC3tx9\" target=\"_blank\" rel=\"noopener\" data-hveid=\"0\" data-ved=\"0CAAQ_4QMahgKEwj_7ZCgzJCSAxUAAAAAHQAAAAAQkgI\">Clique aqui para se inscrever<\/a><\/p>\n<\/li>\n<\/ul>\n<hr data-path-to-node=\"19\" \/>\n<p data-path-to-node=\"20\"><b data-path-to-node=\"20\" data-index-in-node=\"0\">CURSO: Mec\u00e2nico Auxiliar de Manuten\u00e7\u00e3o<\/b><\/p>\n<ul data-path-to-node=\"21\">\n<li>\n<p data-path-to-node=\"21,0,0\"><b data-path-to-node=\"21,0,0\" data-index-in-node=\"0\">CARGA HOR\u00c1RIA:<\/b> N\u00e3o especificada (longo prazo)<\/p>\n<\/li>\n<li>\n<p data-path-to-node=\"21,1,0\"><b data-path-to-node=\"21,1,0\" data-index-in-node=\"0\">DATA DE IN\u00cdCIO E T\u00c9RMINO:<\/b> 03 de fevereiro a 16 de abril<\/p>\n<\/li>\n<li>\n<p data-path-to-node=\"21,2,0\"><b data-path-to-node=\"21,2,0\" data-index-in-node=\"0\">DIAS E HOR\u00c1RIOS NA SEMANA:<\/b> Ter\u00e7a a sexta-feira (Turma 1: 13h \u00e0s 17h | Turma 2: 18h \u00e0s 22h)<\/p>\n<\/li>\n<li>\n<p data-path-to-node=\"21,3,0\"><b data-path-to-node=\"21,3,0\" data-index-in-node=\"0\">LINK DE INSCRI\u00c7\u00c3O:<\/b> <a class=\"ng-star-inserted\" href=\"https:\/\/forms.gle\/CkxYM97fHUS9Pdpx9\" target=\"_blank\" rel=\"noopener\" data-hveid=\"0\" data-ved=\"0CAAQ_4QMahgKEwj_7ZCgzJCSAxUAAAAAHQAAAAAQkwI\">Clique aqui para se inscrever<\/a><\/p>\n<\/li>\n<\/ul>\n","protected":false},"excerpt":{"rendered":"<p>A Prefeitura de Guararema iniciou o per\u00edodo de inscri\u00e7\u00f5es para sete cursos gratuitos de qualifica\u00e7\u00e3o profissional oferecidos pelo programa Capacita + Guararema. As aulas ser\u00e3o realizadas na Escola Profissionalizante Prefeito Sebasti\u00e3o Alvino de Souza ao longo dos pr\u00f3ximos meses, em parceria com institui\u00e7\u00f5es como o Senai, o grupo ACTA e a Associa\u00e7\u00e3o Comercial de Guararema [&hellip;]<\/p>\n","protected":false},"author":1,"featured_media":28587,"comment_status":"open","ping_status":"open","sticky":false,"template":"","format":"standard","meta":{"footnotes":""},"categories":[1],"tags":[],"class_list":{"0":"post-28585","1":"post","2":"type-post","3":"status-publish","4":"format-standard","5":"has-post-thumbnail","7":"category-tudo"},"_links":{"self":[{"href":"https:\/\/jm-metropole.com.br\/site\/wp-json\/wp\/v2\/posts\/28585","targetHints":{"allow":["GET"]}}],"collection":[{"href":"https:\/\/jm-metropole.com.br\/site\/wp-json\/wp\/v2\/posts"}],"about":[{"href":"https:\/\/jm-metropole.com.br\/site\/wp-json\/wp\/v2\/types\/post"}],"author":[{"embeddable":true,"href":"https:\/\/jm-metropole.com.br\/site\/wp-json\/wp\/v2\/users\/1"}],"replies":[{"embeddable":true,"href":"https:\/\/jm-metropole.com.br\/site\/wp-json\/wp\/v2\/comments?post=28585"}],"version-history":[{"count":1,"href":"https:\/\/jm-metropole.com.br\/site\/wp-json\/wp\/v2\/posts\/28585\/revisions"}],"predecessor-version":[{"id":28588,"href":"https:\/\/jm-metropole.com.br\/site\/wp-json\/wp\/v2\/posts\/28585\/revisions\/28588"}],"wp:featuredmedia":[{"embeddable":true,"href":"https:\/\/jm-metropole.com.br\/site\/wp-json\/wp\/v2\/media\/28587"}],"wp:attachment":[{"href":"https:\/\/jm-metropole.com.br\/site\/wp-json\/wp\/v2\/media?parent=28585"}],"wp:term":[{"taxonomy":"category","embeddable":true,"href":"https:\/\/jm-metropole.com.br\/site\/wp-json\/wp\/v2\/categories?post=28585"},{"taxonomy":"post_tag","embeddable":true,"href":"https:\/\/jm-metropole.com.br\/site\/wp-json\/wp\/v2\/tags?post=28585"}],"curies":[{"name":"wp","href":"https:\/\/api.w.org\/{rel}","templated":true}]}}