{"id":28576,"date":"2026-01-16T17:17:02","date_gmt":"2026-01-16T20:17:02","guid":{"rendered":"https:\/\/jm-metropole.com.br\/site\/?p=28576"},"modified":"2026-01-16T17:17:02","modified_gmt":"2026-01-16T20:17:02","slug":"vigilancia-sanitaria-interdita-clinica-terapeutica-irregular-em-suzano","status":"publish","type":"post","link":"https:\/\/jm-metropole.com.br\/site\/vigilancia-sanitaria-interdita-clinica-terapeutica-irregular-em-suzano\/","title":{"rendered":"VIGIL\u00c2NCIA SANIT\u00c1RIA INTERDITA CL\u00cdNICA TERAP\u00caUTICA IRREGULAR EM SUZANO"},"content":{"rendered":"<div id=\"model-response-message-contentr_cb8cbc85f2a06fc6\" class=\"markdown markdown-main-panel stronger enable-updated-hr-color\" dir=\"ltr\" aria-live=\"polite\" aria-busy=\"false\">\n<p style=\"text-align: justify;\" data-path-to-node=\"1\">A Vigil\u00e2ncia Sanit\u00e1ria de Suzano interditou, nesta quinta-feira (15\/01), uma cl\u00ednica terap\u00eautica que operava de forma irregular no Jardim Brasil, no distrito de Palmeiras. A opera\u00e7\u00e3o foi motivada por den\u00fancias recebidas pela Ouvidoria Municipal e contou com o suporte da Guarda Civil Municipal (GCM) e de equipes do 1\u00ba Distrito Policial. Durante a fiscaliza\u00e7\u00e3o, foram identificadas falhas graves que comprometiam a seguran\u00e7a e a dignidade dos residentes.<\/p>\n<p style=\"text-align: justify;\" data-path-to-node=\"2\">Os agentes constataram condi\u00e7\u00f5es sanit\u00e1rias insatisfat\u00f3rias e problemas severos na administra\u00e7\u00e3o de medicamentos. De acordo com o \u00f3rg\u00e3o, muitos prontu\u00e1rios m\u00e9dicos estavam incompletos ou inexistentes, impossibilitando o acompanhamento do hist\u00f3rico cl\u00ednico dos acolhidos. Al\u00e9m disso, os representantes do local n\u00e3o conseguiram apresentar documentos b\u00e1sicos que comprovassem a regularidade da institui\u00e7\u00e3o ou esclarecer d\u00favidas sobre a gest\u00e3o administrativa.<\/p>\n<p style=\"text-align: justify;\" data-path-to-node=\"3\"><img loading=\"lazy\" decoding=\"async\" class=\"alignright size-medium wp-image-28578\" src=\"https:\/\/jm-metropole.com.br\/site\/wp-content\/uploads\/2026\/01\/WhatsApp-Image-2026-01-15-at-22.33.46-300x200.jpeg\" alt=\"\" width=\"300\" height=\"200\" srcset=\"https:\/\/jm-metropole.com.br\/site\/wp-content\/uploads\/2026\/01\/WhatsApp-Image-2026-01-15-at-22.33.46-300x200.jpeg 300w, https:\/\/jm-metropole.com.br\/site\/wp-content\/uploads\/2026\/01\/WhatsApp-Image-2026-01-15-at-22.33.46-1024x682.jpeg 1024w, https:\/\/jm-metropole.com.br\/site\/wp-content\/uploads\/2026\/01\/WhatsApp-Image-2026-01-15-at-22.33.46-768x512.jpeg 768w, https:\/\/jm-metropole.com.br\/site\/wp-content\/uploads\/2026\/01\/WhatsApp-Image-2026-01-15-at-22.33.46-150x100.jpeg 150w, https:\/\/jm-metropole.com.br\/site\/wp-content\/uploads\/2026\/01\/WhatsApp-Image-2026-01-15-at-22.33.46-600x400.jpeg 600w, https:\/\/jm-metropole.com.br\/site\/wp-content\/uploads\/2026\/01\/WhatsApp-Image-2026-01-15-at-22.33.46-696x464.jpeg 696w, https:\/\/jm-metropole.com.br\/site\/wp-content\/uploads\/2026\/01\/WhatsApp-Image-2026-01-15-at-22.33.46-1068x712.jpeg 1068w, https:\/\/jm-metropole.com.br\/site\/wp-content\/uploads\/2026\/01\/WhatsApp-Image-2026-01-15-at-22.33.46-630x420.jpeg 630w, https:\/\/jm-metropole.com.br\/site\/wp-content\/uploads\/2026\/01\/WhatsApp-Image-2026-01-15-at-22.33.46-1260x840.jpeg 1260w, https:\/\/jm-metropole.com.br\/site\/wp-content\/uploads\/2026\/01\/WhatsApp-Image-2026-01-15-at-22.33.46.jpeg 1280w\" sizes=\"auto, (max-width: 300px) 100vw, 300px\" \/>A infraestrutura do im\u00f3vel tamb\u00e9m foi alvo de cr\u00edticas t\u00e9cnicas. A vistoria apontou precariedade no piso, no forro e no mobili\u00e1rio, com camas em mau estado de conserva\u00e7\u00e3o. Os banheiros n\u00e3o atendiam \u00e0s normas vigentes e apresentavam falta de chuveiros adequados para o uso dos internos. Segundo a diretora da Vigil\u00e2ncia Sanit\u00e1ria, Carmen Lucia Lorente, as irregularidades colocavam em risco direto a integridade das pessoas em situa\u00e7\u00e3o de vulnerabilidade, o que tornou a interdi\u00e7\u00e3o imediata a \u00fanica medida cab\u00edvel.<\/p>\n<p style=\"text-align: justify;\" data-path-to-node=\"4\">A cl\u00ednica alegou estar em um processo de transi\u00e7\u00e3o de responsabilidade legal, mas a justificativa n\u00e3o foi aceita pela fiscaliza\u00e7\u00e3o, que ressaltou que mudan\u00e7as na gest\u00e3o n\u00e3o isentam o estabelecimento do cumprimento das normas de sa\u00fade e seguran\u00e7a. Diante do cen\u00e1rio, foi estabelecido um prazo de dez dias para que todos os residentes sejam removidos do local e encaminhados \u00e0s suas fam\u00edlias ou a unidades de acolhimento adequadas, com a devida comprova\u00e7\u00e3o ao poder p\u00fablico.<\/p>\n<p style=\"text-align: justify;\" data-path-to-node=\"5\">O secret\u00e1rio municipal de Sa\u00fade, Diego Ferreira, enfatizou que o munic\u00edpio tem intensificado as fiscaliza\u00e7\u00f5es em cl\u00ednicas para garantir que ofere\u00e7am condi\u00e7\u00f5es m\u00ednimas de higiene e cuidado profissional. Ele destacou que a atua\u00e7\u00e3o conjunta entre a Vigil\u00e2ncia, a GCM e a Pol\u00edcia Civil foi essencial para a efic\u00e1cia da a\u00e7\u00e3o e refor\u00e7ou a import\u00e2ncia das den\u00fancias feitas pela popula\u00e7\u00e3o atrav\u00e9s dos canais oficiais da prefeitura para coibir pr\u00e1ticas abusivas no setor de sa\u00fade e assist\u00eancia social.<\/p>\n<p style=\"text-align: right;\" data-path-to-node=\"6\">Cr\u00e9dito das fotos: Divulga\u00e7\u00e3o\/Secop Suzano<\/p>\n<\/div>\n","protected":false},"excerpt":{"rendered":"<p>A Vigil\u00e2ncia Sanit\u00e1ria de Suzano interditou, nesta quinta-feira (15\/01), uma cl\u00ednica terap\u00eautica que operava de forma irregular no Jardim Brasil, no distrito de Palmeiras. A opera\u00e7\u00e3o foi motivada por den\u00fancias recebidas pela Ouvidoria Municipal e contou com o suporte da Guarda Civil Municipal (GCM) e de equipes do 1\u00ba Distrito Policial. Durante a fiscaliza\u00e7\u00e3o, foram [&hellip;]<\/p>\n","protected":false},"author":1,"featured_media":28577,"comment_status":"open","ping_status":"open","sticky":false,"template":"","format":"standard","meta":{"footnotes":""},"categories":[11,9],"tags":[],"class_list":{"0":"post-28576","1":"post","2":"type-post","3":"status-publish","4":"format-standard","5":"has-post-thumbnail","7":"category-saude","8":"category-suzano"},"_links":{"self":[{"href":"https:\/\/jm-metropole.com.br\/site\/wp-json\/wp\/v2\/posts\/28576","targetHints":{"allow":["GET"]}}],"collection":[{"href":"https:\/\/jm-metropole.com.br\/site\/wp-json\/wp\/v2\/posts"}],"about":[{"href":"https:\/\/jm-metropole.com.br\/site\/wp-json\/wp\/v2\/types\/post"}],"author":[{"embeddable":true,"href":"https:\/\/jm-metropole.com.br\/site\/wp-json\/wp\/v2\/users\/1"}],"replies":[{"embeddable":true,"href":"https:\/\/jm-metropole.com.br\/site\/wp-json\/wp\/v2\/comments?post=28576"}],"version-history":[{"count":1,"href":"https:\/\/jm-metropole.com.br\/site\/wp-json\/wp\/v2\/posts\/28576\/revisions"}],"predecessor-version":[{"id":28579,"href":"https:\/\/jm-metropole.com.br\/site\/wp-json\/wp\/v2\/posts\/28576\/revisions\/28579"}],"wp:featuredmedia":[{"embeddable":true,"href":"https:\/\/jm-metropole.com.br\/site\/wp-json\/wp\/v2\/media\/28577"}],"wp:attachment":[{"href":"https:\/\/jm-metropole.com.br\/site\/wp-json\/wp\/v2\/media?parent=28576"}],"wp:term":[{"taxonomy":"category","embeddable":true,"href":"https:\/\/jm-metropole.com.br\/site\/wp-json\/wp\/v2\/categories?post=28576"},{"taxonomy":"post_tag","embeddable":true,"href":"https:\/\/jm-metropole.com.br\/site\/wp-json\/wp\/v2\/tags?post=28576"}],"curies":[{"name":"wp","href":"https:\/\/api.w.org\/{rel}","templated":true}]}}