{"id":28573,"date":"2026-01-16T09:28:27","date_gmt":"2026-01-16T12:28:27","guid":{"rendered":"https:\/\/jm-metropole.com.br\/site\/?p=28573"},"modified":"2026-01-16T17:34:18","modified_gmt":"2026-01-16T20:34:18","slug":"video-mostra-abordagem-policial-com-uso-de-forca-em-santa-isabel-pm-alega-resistencia-e-desacato","status":"publish","type":"post","link":"https:\/\/jm-metropole.com.br\/site\/video-mostra-abordagem-policial-com-uso-de-forca-em-santa-isabel-pm-alega-resistencia-e-desacato\/","title":{"rendered":"V\u00cdDEO MOSTRA ABORDAGEM POLICIAL COM USO DE FOR\u00c7A EM SANTA ISABEL; PM ALEGA RESIST\u00caNCIA E DESACATO"},"content":{"rendered":"<p style=\"text-align: justify;\" data-path-to-node=\"4\">A Pol\u00edcia Militar de Santa Isabel apresentou a vers\u00e3o oficial sobre a ocorr\u00eancia registrada na noite de 15 de janeiro de 2026, na Avenida da Rep\u00fablica, ap\u00f3s a ampla repercuss\u00e3o de um v\u00eddeo que mostra agentes utilizando cacetetes contra um homem j\u00e1 ca\u00eddo no solo. Segundo o relat\u00f3rio da corpora\u00e7\u00e3o, a a\u00e7\u00e3o teve in\u00edcio quando duas motocicletas, modelos Honda CG 160 Titan e Honda CG 150 KS, foram avistadas em alta velocidade realizando manobras perigosas em frente \u00e0 base do pelot\u00e3o.<\/p>\n<p style=\"text-align: justify;\" data-path-to-node=\"5\">Os policiais realizaram o acompanhamento e efetuaram a abordagem na altura do n\u00famero 457 da via. Durante a fiscaliza\u00e7\u00e3o, foram constatadas irregularidades administrativas e verificado que um dos condutores estava com a habilita\u00e7\u00e3o vencida desde o ano de 2024, o que resultou no recolhimento das motocicletas ao p\u00e1tio.<\/p>\n<p style=\"text-align: justify;\" data-path-to-node=\"6\">O documento policial detalha que, durante o procedimento, um homem identificado como Est\u00eav\u00e3o (<a href=\"https:\/\/jm-metropole.com.br\/site\/homem-abordado-na-avenida-da-republica-tem-mais-de-10-passagens-pela-policia\/\" target=\"_blank\" rel=\"noopener\"><strong>com mais de 10 passagens pela Pol\u00edcia<\/strong><\/a>), que n\u00e3o estava envolvido na abordagem inicial, aproximou-se visivelmente embriagado e tentou intervir na a\u00e7\u00e3o. O indiv\u00edduo alegou ser primo de um dos motociclistas e insistiu em retirar o ve\u00edculo, desobedecendo \u00e0s ordens legais para se afastar. Segundo o relato dos agentes, o homem passou a proferir ofensas verbais e resistiu fisicamente \u00e0 voz de pris\u00e3o por desacato.<\/p>\n<p style=\"text-align: justify;\" data-path-to-node=\"7\">Sobre o uso do cacetete visualizado nas imagens, a PM afirmou que foi necess\u00e1rio o uso moderado da for\u00e7a, empregando golpes contundentes e o bast\u00e3o tonfa, com o objetivo de diminuir a capacidade combativa do suspeito e garantir a vantagem t\u00e1tica para a imobiliza\u00e7\u00e3o. A nota cita que o procedimento seguiu o Manual de Defesa Pessoal da PMESP (M-3 PM) e as diretrizes da S\u00famula Vinculante n\u00ba 11 do STF para viabilizar o algemamento.<\/p>\n<p style=\"text-align: justify;\" data-path-to-node=\"8\">Ap\u00f3s ser contido, o homem foi levado ao Pronto Socorro Municipal de Aruj\u00e1 para avalia\u00e7\u00e3o m\u00e9dica e, em seguida, apresentado \u00e0 Delegacia de Pol\u00edcia de Aruj\u00e1. A autoridade policial ratificou a pris\u00e3o em flagrante e elaborou o boletim de ocorr\u00eancia de n\u00famero AT8728-1 pelos crimes de desacato, desobedi\u00eancia e resist\u00eancia. O homem permanece preso \u00e0 disposi\u00e7\u00e3o da Justi\u00e7a.<\/p>\n<p style=\"text-align: right;\" data-path-to-node=\"9\"><em>Cr\u00e9ditos do v\u00eddeo: Leitor \/ Jornal Metr\u00f3pole<\/em><\/p>\n","protected":false},"excerpt":{"rendered":"<p>A Pol\u00edcia Militar de Santa Isabel apresentou a vers\u00e3o oficial sobre a ocorr\u00eancia registrada na noite de 15 de janeiro de 2026, na Avenida da Rep\u00fablica, ap\u00f3s a ampla repercuss\u00e3o de um v\u00eddeo que mostra agentes utilizando cacetetes contra um homem j\u00e1 ca\u00eddo no solo. Segundo o relat\u00f3rio da corpora\u00e7\u00e3o, a a\u00e7\u00e3o teve in\u00edcio quando [&hellip;]<\/p>\n","protected":false},"author":1,"featured_media":28574,"comment_status":"open","ping_status":"open","sticky":false,"template":"","format":"standard","meta":{"footnotes":""},"categories":[21,5,16],"tags":[],"class_list":{"0":"post-28573","1":"post","2":"type-post","3":"status-publish","4":"format-standard","5":"has-post-thumbnail","7":"category-alto-tiete","8":"category-santa-isabel","9":"category-seguranca"},"_links":{"self":[{"href":"https:\/\/jm-metropole.com.br\/site\/wp-json\/wp\/v2\/posts\/28573","targetHints":{"allow":["GET"]}}],"collection":[{"href":"https:\/\/jm-metropole.com.br\/site\/wp-json\/wp\/v2\/posts"}],"about":[{"href":"https:\/\/jm-metropole.com.br\/site\/wp-json\/wp\/v2\/types\/post"}],"author":[{"embeddable":true,"href":"https:\/\/jm-metropole.com.br\/site\/wp-json\/wp\/v2\/users\/1"}],"replies":[{"embeddable":true,"href":"https:\/\/jm-metropole.com.br\/site\/wp-json\/wp\/v2\/comments?post=28573"}],"version-history":[{"count":2,"href":"https:\/\/jm-metropole.com.br\/site\/wp-json\/wp\/v2\/posts\/28573\/revisions"}],"predecessor-version":[{"id":28591,"href":"https:\/\/jm-metropole.com.br\/site\/wp-json\/wp\/v2\/posts\/28573\/revisions\/28591"}],"wp:featuredmedia":[{"embeddable":true,"href":"https:\/\/jm-metropole.com.br\/site\/wp-json\/wp\/v2\/media\/28574"}],"wp:attachment":[{"href":"https:\/\/jm-metropole.com.br\/site\/wp-json\/wp\/v2\/media?parent=28573"}],"wp:term":[{"taxonomy":"category","embeddable":true,"href":"https:\/\/jm-metropole.com.br\/site\/wp-json\/wp\/v2\/categories?post=28573"},{"taxonomy":"post_tag","embeddable":true,"href":"https:\/\/jm-metropole.com.br\/site\/wp-json\/wp\/v2\/tags?post=28573"}],"curies":[{"name":"wp","href":"https:\/\/api.w.org\/{rel}","templated":true}]}}