{"id":28551,"date":"2026-01-14T18:16:37","date_gmt":"2026-01-14T21:16:37","guid":{"rendered":"https:\/\/jm-metropole.com.br\/site\/?p=28551"},"modified":"2026-01-14T18:16:37","modified_gmt":"2026-01-14T21:16:37","slug":"guararema-amplia-programacao-de-carnaval-e-anuncia-pre-folia-em-novo-endereco","status":"publish","type":"post","link":"https:\/\/jm-metropole.com.br\/site\/guararema-amplia-programacao-de-carnaval-e-anuncia-pre-folia-em-novo-endereco\/","title":{"rendered":"GUARAREMA AMPLIA PROGRAMA\u00c7\u00c3O DE CARNAVAL E ANUNCIA PR\u00c9-FOLIA EM NOVO ENDERE\u00c7O"},"content":{"rendered":"<div id=\"model-response-message-contentr_48154ed393d3197f\" class=\"markdown markdown-main-panel stronger enable-updated-hr-color\" dir=\"ltr\" aria-live=\"polite\" aria-busy=\"false\">\n<p style=\"text-align: justify;\" data-path-to-node=\"1\">A Prefeitura de Guararema divulgou o cronograma oficial para o Carnaval 2026, que contar\u00e1 com atividades distribu\u00eddas entre os dias 6 e 17 de fevereiro. A programa\u00e7\u00e3o deste ano traz como novidade a utiliza\u00e7\u00e3o de um novo espa\u00e7o para os eventos de pr\u00e9-folia: o vi\u00e1rio que conecta os bairros Nogueira e Centro, abrangendo a rua Maria Aparecida Freire Martins e o Complexo Esportivo Paulo Geanetti Machado.<\/p>\n<p style=\"text-align: justify;\" data-path-to-node=\"2\"><img loading=\"lazy\" decoding=\"async\" class=\"alignright size-medium wp-image-28557\" src=\"https:\/\/jm-metropole.com.br\/site\/wp-content\/uploads\/2026\/01\/WhatsApp-Image-2026-01-14-at-16.55.53-300x200.jpeg\" alt=\"\" width=\"300\" height=\"200\" srcset=\"https:\/\/jm-metropole.com.br\/site\/wp-content\/uploads\/2026\/01\/WhatsApp-Image-2026-01-14-at-16.55.53-300x200.jpeg 300w, https:\/\/jm-metropole.com.br\/site\/wp-content\/uploads\/2026\/01\/WhatsApp-Image-2026-01-14-at-16.55.53-1024x683.jpeg 1024w, https:\/\/jm-metropole.com.br\/site\/wp-content\/uploads\/2026\/01\/WhatsApp-Image-2026-01-14-at-16.55.53-768x512.jpeg 768w, https:\/\/jm-metropole.com.br\/site\/wp-content\/uploads\/2026\/01\/WhatsApp-Image-2026-01-14-at-16.55.53-1536x1024.jpeg 1536w, https:\/\/jm-metropole.com.br\/site\/wp-content\/uploads\/2026\/01\/WhatsApp-Image-2026-01-14-at-16.55.53-150x100.jpeg 150w, https:\/\/jm-metropole.com.br\/site\/wp-content\/uploads\/2026\/01\/WhatsApp-Image-2026-01-14-at-16.55.53-600x400.jpeg 600w, https:\/\/jm-metropole.com.br\/site\/wp-content\/uploads\/2026\/01\/WhatsApp-Image-2026-01-14-at-16.55.53-696x464.jpeg 696w, https:\/\/jm-metropole.com.br\/site\/wp-content\/uploads\/2026\/01\/WhatsApp-Image-2026-01-14-at-16.55.53-1392x928.jpeg 1392w, https:\/\/jm-metropole.com.br\/site\/wp-content\/uploads\/2026\/01\/WhatsApp-Image-2026-01-14-at-16.55.53-1068x712.jpeg 1068w, https:\/\/jm-metropole.com.br\/site\/wp-content\/uploads\/2026\/01\/WhatsApp-Image-2026-01-14-at-16.55.53-630x420.jpeg 630w, https:\/\/jm-metropole.com.br\/site\/wp-content\/uploads\/2026\/01\/WhatsApp-Image-2026-01-14-at-16.55.53-1260x840.jpeg 1260w, https:\/\/jm-metropole.com.br\/site\/wp-content\/uploads\/2026\/01\/WhatsApp-Image-2026-01-14-at-16.55.53.jpeg 1600w\" sizes=\"auto, (max-width: 300px) 100vw, 300px\" \/>As atividades come\u00e7am na sexta-feira, dia 6 de fevereiro, com a Batucada Aben\u00e7oada no Parque de Lazer Professora Deocl\u00e9sia de Almeida Mello. No s\u00e1bado, dia 7, o Complexo Esportivo Paulo Geanetti Machado recebe, \u00e0s 16 horas, a oitava edi\u00e7\u00e3o do Concurso de Marchinhas Carnavalescas. J\u00e1 no domingo, dia 8, o mesmo local ser\u00e1 palco do Pr\u00e9-Carnaval dos Blocos de Guararema, reunindo a partir das 12 horas os grupos tradicionais Arueira, Conde de Matut\u00f3ia, N\u00f3is Sofre e Bloco do Cride.<\/p>\n<p style=\"text-align: justify;\" data-path-to-node=\"3\">A folia oficial ocorre entre 14 e 17 de fevereiro com os tradicionais cortejos de blocos no centro da cidade. A concentra\u00e7\u00e3o ser\u00e1 sempre a partir das 14 horas no Parque de Lazer Professora Deocl\u00e9sia de Almeida Mello, com encerramento previsto para as 20 horas no Recanto do Am\u00e9rico, o Pau D\u2019Alho. O percurso inclui passagens pelas ruas Dezenove de Setembro e Coronel Ramalho.<\/p>\n<p style=\"text-align: justify;\" data-path-to-node=\"4\"><img loading=\"lazy\" decoding=\"async\" class=\"alignleft size-medium wp-image-28556\" src=\"https:\/\/jm-metropole.com.br\/site\/wp-content\/uploads\/2026\/01\/WhatsApp-Image-2026-01-14-at-16.55.55-300x200.jpeg\" alt=\"\" width=\"300\" height=\"200\" srcset=\"https:\/\/jm-metropole.com.br\/site\/wp-content\/uploads\/2026\/01\/WhatsApp-Image-2026-01-14-at-16.55.55-300x200.jpeg 300w, https:\/\/jm-metropole.com.br\/site\/wp-content\/uploads\/2026\/01\/WhatsApp-Image-2026-01-14-at-16.55.55-1024x682.jpeg 1024w, https:\/\/jm-metropole.com.br\/site\/wp-content\/uploads\/2026\/01\/WhatsApp-Image-2026-01-14-at-16.55.55-768x512.jpeg 768w, https:\/\/jm-metropole.com.br\/site\/wp-content\/uploads\/2026\/01\/WhatsApp-Image-2026-01-14-at-16.55.55-1536x1023.jpeg 1536w, https:\/\/jm-metropole.com.br\/site\/wp-content\/uploads\/2026\/01\/WhatsApp-Image-2026-01-14-at-16.55.55-150x100.jpeg 150w, https:\/\/jm-metropole.com.br\/site\/wp-content\/uploads\/2026\/01\/WhatsApp-Image-2026-01-14-at-16.55.55-600x400.jpeg 600w, https:\/\/jm-metropole.com.br\/site\/wp-content\/uploads\/2026\/01\/WhatsApp-Image-2026-01-14-at-16.55.55-696x464.jpeg 696w, https:\/\/jm-metropole.com.br\/site\/wp-content\/uploads\/2026\/01\/WhatsApp-Image-2026-01-14-at-16.55.55-1392x927.jpeg 1392w, https:\/\/jm-metropole.com.br\/site\/wp-content\/uploads\/2026\/01\/WhatsApp-Image-2026-01-14-at-16.55.55-1068x712.jpeg 1068w, https:\/\/jm-metropole.com.br\/site\/wp-content\/uploads\/2026\/01\/WhatsApp-Image-2026-01-14-at-16.55.55-630x420.jpeg 630w, https:\/\/jm-metropole.com.br\/site\/wp-content\/uploads\/2026\/01\/WhatsApp-Image-2026-01-14-at-16.55.55-1261x840.jpeg 1261w, https:\/\/jm-metropole.com.br\/site\/wp-content\/uploads\/2026\/01\/WhatsApp-Image-2026-01-14-at-16.55.55.jpeg 1600w\" sizes=\"auto, (max-width: 300px) 100vw, 300px\" \/>No s\u00e1bado, dia 14, a abertura fica por conta do Bloco Arueira. No mesmo dia, o Lindo Bloco do Amor realiza um cortejo a p\u00e9 com hor\u00e1rios diferenciados, partindo \u00e0s 17 horas do Parque Deocl\u00e9sia em dire\u00e7\u00e3o ao Ateli\u00ea Valdeck de Garanhuns. A sequ\u00eancia de blocos segue no domingo com o Conde de Matut\u00f3ia, na segunda-feira com o N\u00f3is Sofre e termina na ter\u00e7a-feira com o Bloco do Cride.<\/p>\n<p style=\"text-align: justify;\" data-path-to-node=\"5\">Para o p\u00fablico infantil, a Vila de Lu\u00eds Carlos ter\u00e1 matin\u00eas di\u00e1rias com o Bloco dos Mil Girass\u00f3is, entre os dias 14 e 17 de fevereiro, das 11 \u00e0s 17 horas. Segundo a administra\u00e7\u00e3o municipal, o objetivo \u00e9 oferecer op\u00e7\u00f5es de lazer para diferentes perfis de foli\u00f5es durante todo o per\u00edodo carnavalesco.<\/p>\n<p style=\"text-align: right;\" data-path-to-node=\"6\"><em>Cr\u00e9ditos da foto: Divulga\u00e7\u00e3o \/ Prefeitura de Guararema<\/em><\/p>\n<\/div>\n","protected":false},"excerpt":{"rendered":"<p>A Prefeitura de Guararema divulgou o cronograma oficial para o Carnaval 2026, que contar\u00e1 com atividades distribu\u00eddas entre os dias 6 e 17 de fevereiro. A programa\u00e7\u00e3o deste ano traz como novidade a utiliza\u00e7\u00e3o de um novo espa\u00e7o para os eventos de pr\u00e9-folia: o vi\u00e1rio que conecta os bairros Nogueira e Centro, abrangendo a rua [&hellip;]<\/p>\n","protected":false},"author":1,"featured_media":28558,"comment_status":"open","ping_status":"open","sticky":false,"template":"","format":"standard","meta":{"footnotes":""},"categories":[2,13,8],"tags":[],"class_list":{"0":"post-28551","1":"post","2":"type-post","3":"status-publish","4":"format-standard","5":"has-post-thumbnail","7":"category-cidades","8":"category-cultura","9":"category-guararema"},"_links":{"self":[{"href":"https:\/\/jm-metropole.com.br\/site\/wp-json\/wp\/v2\/posts\/28551","targetHints":{"allow":["GET"]}}],"collection":[{"href":"https:\/\/jm-metropole.com.br\/site\/wp-json\/wp\/v2\/posts"}],"about":[{"href":"https:\/\/jm-metropole.com.br\/site\/wp-json\/wp\/v2\/types\/post"}],"author":[{"embeddable":true,"href":"https:\/\/jm-metropole.com.br\/site\/wp-json\/wp\/v2\/users\/1"}],"replies":[{"embeddable":true,"href":"https:\/\/jm-metropole.com.br\/site\/wp-json\/wp\/v2\/comments?post=28551"}],"version-history":[{"count":1,"href":"https:\/\/jm-metropole.com.br\/site\/wp-json\/wp\/v2\/posts\/28551\/revisions"}],"predecessor-version":[{"id":28559,"href":"https:\/\/jm-metropole.com.br\/site\/wp-json\/wp\/v2\/posts\/28551\/revisions\/28559"}],"wp:featuredmedia":[{"embeddable":true,"href":"https:\/\/jm-metropole.com.br\/site\/wp-json\/wp\/v2\/media\/28558"}],"wp:attachment":[{"href":"https:\/\/jm-metropole.com.br\/site\/wp-json\/wp\/v2\/media?parent=28551"}],"wp:term":[{"taxonomy":"category","embeddable":true,"href":"https:\/\/jm-metropole.com.br\/site\/wp-json\/wp\/v2\/categories?post=28551"},{"taxonomy":"post_tag","embeddable":true,"href":"https:\/\/jm-metropole.com.br\/site\/wp-json\/wp\/v2\/tags?post=28551"}],"curies":[{"name":"wp","href":"https:\/\/api.w.org\/{rel}","templated":true}]}}