{"id":28543,"date":"2026-01-13T21:40:10","date_gmt":"2026-01-14T00:40:10","guid":{"rendered":"https:\/\/jm-metropole.com.br\/site\/?p=28543"},"modified":"2026-01-13T21:40:10","modified_gmt":"2026-01-14T00:40:10","slug":"museu-municipal-de-aruja-oferece-oficinas-gratuitas-de-aderecos-para-o-carnaval-2026","status":"publish","type":"post","link":"https:\/\/jm-metropole.com.br\/site\/museu-municipal-de-aruja-oferece-oficinas-gratuitas-de-aderecos-para-o-carnaval-2026\/","title":{"rendered":"MUSEU MUNICIPAL DE ARUJ\u00c1 OFERECE OFICINAS GRATUITAS DE ADERE\u00c7OS PARA O CARNAVAL 2026"},"content":{"rendered":"<div id=\"model-response-message-contentr_59a3961eb52a70dc\" class=\"markdown markdown-main-panel enable-updated-hr-color\" dir=\"ltr\" aria-live=\"polite\" aria-busy=\"false\">\n<p style=\"text-align: justify;\" data-path-to-node=\"1\">A Secretaria Municipal de Cultura de Aruj\u00e1 iniciar\u00e1 na pr\u00f3xima semana uma s\u00e9rie de oficinas gratuitas voltadas \u00e0 confec\u00e7\u00e3o de adere\u00e7os carnavalescos. As atividades fazem parte do programa Aruj\u00e1 Folia 2026 e ser\u00e3o realizadas na sede do Museu Municipal.<\/p>\n<p style=\"text-align: justify;\" data-path-to-node=\"2\">A programa\u00e7\u00e3o oferece aos moradores a oportunidade de aprender a produzir seus pr\u00f3prios itens para as festividades, como m\u00e1scaras, ombreiras e saias de fitas ou tule. O cronograma est\u00e1 dividido em tr\u00eas datas espec\u00edficas: no dia 19 de janeiro (segunda-feira), a oficina ser\u00e1 de m\u00e1scaras de carnaval; no dia 21 (quarta-feira), o foco ser\u00e1 em adere\u00e7os e ombreiras; e no dia 23 de janeiro (sexta-feira), o aprendizado ser\u00e1 voltado para a montagem de saia ou top de fitas e tule.<\/p>\n<p style=\"text-align: justify;\" data-path-to-node=\"3\">As aulas ocorrer\u00e3o em dois turnos em todas as datas dispon\u00edveis: no per\u00edodo da manh\u00e3, das 09h \u00e0s 10h30, e no per\u00edodo da tarde, das 14h \u00e0s 15h30. O Museu Municipal est\u00e1 localizado na Rua Major Benjamin Franco, n\u00famero 15, na regi\u00e3o central de Aruj\u00e1.<\/p>\n<p style=\"text-align: justify;\" data-path-to-node=\"4\">Para participar, n\u00e3o \u00e9 necess\u00e1rio realizar inscri\u00e7\u00e3o antecipada, bastando ao interessado comparecer ao local no hor\u00e1rio da atividade desejada. Informa\u00e7\u00f5es adicionais podem ser obtidas diretamente com a Secretaria de Cultura pelo telefone (11) 4653-1924.<\/p>\n<p style=\"text-align: center;\" data-path-to-node=\"4\"><img loading=\"lazy\" decoding=\"async\" class=\"aligncenter size-large wp-image-28535\" src=\"https:\/\/jm-metropole.com.br\/site\/wp-content\/uploads\/2026\/01\/WhatsApp-Image-2026-01-13-at-21.19.32-835x1024.jpeg\" alt=\"\" width=\"696\" height=\"854\" srcset=\"https:\/\/jm-metropole.com.br\/site\/wp-content\/uploads\/2026\/01\/WhatsApp-Image-2026-01-13-at-21.19.32-835x1024.jpeg 835w, https:\/\/jm-metropole.com.br\/site\/wp-content\/uploads\/2026\/01\/WhatsApp-Image-2026-01-13-at-21.19.32-245x300.jpeg 245w, https:\/\/jm-metropole.com.br\/site\/wp-content\/uploads\/2026\/01\/WhatsApp-Image-2026-01-13-at-21.19.32-768x942.jpeg 768w, https:\/\/jm-metropole.com.br\/site\/wp-content\/uploads\/2026\/01\/WhatsApp-Image-2026-01-13-at-21.19.32-150x184.jpeg 150w, https:\/\/jm-metropole.com.br\/site\/wp-content\/uploads\/2026\/01\/WhatsApp-Image-2026-01-13-at-21.19.32-300x368.jpeg 300w, https:\/\/jm-metropole.com.br\/site\/wp-content\/uploads\/2026\/01\/WhatsApp-Image-2026-01-13-at-21.19.32-600x736.jpeg 600w, https:\/\/jm-metropole.com.br\/site\/wp-content\/uploads\/2026\/01\/WhatsApp-Image-2026-01-13-at-21.19.32-696x854.jpeg 696w, https:\/\/jm-metropole.com.br\/site\/wp-content\/uploads\/2026\/01\/WhatsApp-Image-2026-01-13-at-21.19.32-1068x1310.jpeg 1068w, https:\/\/jm-metropole.com.br\/site\/wp-content\/uploads\/2026\/01\/WhatsApp-Image-2026-01-13-at-21.19.32-342x420.jpeg 342w, https:\/\/jm-metropole.com.br\/site\/wp-content\/uploads\/2026\/01\/WhatsApp-Image-2026-01-13-at-21.19.32-685x840.jpeg 685w, https:\/\/jm-metropole.com.br\/site\/wp-content\/uploads\/2026\/01\/WhatsApp-Image-2026-01-13-at-21.19.32.jpeg 1080w\" sizes=\"auto, (max-width: 696px) 100vw, 696px\" \/><\/p>\n<\/div>\n","protected":false},"excerpt":{"rendered":"<p>A Secretaria Municipal de Cultura de Aruj\u00e1 iniciar\u00e1 na pr\u00f3xima semana uma s\u00e9rie de oficinas gratuitas voltadas \u00e0 confec\u00e7\u00e3o de adere\u00e7os carnavalescos. As atividades fazem parte do programa Aruj\u00e1 Folia 2026 e ser\u00e3o realizadas na sede do Museu Municipal. A programa\u00e7\u00e3o oferece aos moradores a oportunidade de aprender a produzir seus pr\u00f3prios itens para as [&hellip;]<\/p>\n","protected":false},"author":1,"featured_media":28533,"comment_status":"open","ping_status":"open","sticky":false,"template":"","format":"standard","meta":{"footnotes":""},"categories":[4,2,13],"tags":[],"class_list":{"0":"post-28543","1":"post","2":"type-post","3":"status-publish","4":"format-standard","5":"has-post-thumbnail","7":"category-aruja","8":"category-cidades","9":"category-cultura"},"_links":{"self":[{"href":"https:\/\/jm-metropole.com.br\/site\/wp-json\/wp\/v2\/posts\/28543","targetHints":{"allow":["GET"]}}],"collection":[{"href":"https:\/\/jm-metropole.com.br\/site\/wp-json\/wp\/v2\/posts"}],"about":[{"href":"https:\/\/jm-metropole.com.br\/site\/wp-json\/wp\/v2\/types\/post"}],"author":[{"embeddable":true,"href":"https:\/\/jm-metropole.com.br\/site\/wp-json\/wp\/v2\/users\/1"}],"replies":[{"embeddable":true,"href":"https:\/\/jm-metropole.com.br\/site\/wp-json\/wp\/v2\/comments?post=28543"}],"version-history":[{"count":1,"href":"https:\/\/jm-metropole.com.br\/site\/wp-json\/wp\/v2\/posts\/28543\/revisions"}],"predecessor-version":[{"id":28544,"href":"https:\/\/jm-metropole.com.br\/site\/wp-json\/wp\/v2\/posts\/28543\/revisions\/28544"}],"wp:featuredmedia":[{"embeddable":true,"href":"https:\/\/jm-metropole.com.br\/site\/wp-json\/wp\/v2\/media\/28533"}],"wp:attachment":[{"href":"https:\/\/jm-metropole.com.br\/site\/wp-json\/wp\/v2\/media?parent=28543"}],"wp:term":[{"taxonomy":"category","embeddable":true,"href":"https:\/\/jm-metropole.com.br\/site\/wp-json\/wp\/v2\/categories?post=28543"},{"taxonomy":"post_tag","embeddable":true,"href":"https:\/\/jm-metropole.com.br\/site\/wp-json\/wp\/v2\/tags?post=28543"}],"curies":[{"name":"wp","href":"https:\/\/api.w.org\/{rel}","templated":true}]}}