{"id":28532,"date":"2026-01-13T21:35:03","date_gmt":"2026-01-14T00:35:03","guid":{"rendered":"https:\/\/jm-metropole.com.br\/site\/?p=28532"},"modified":"2026-01-13T21:35:03","modified_gmt":"2026-01-14T00:35:03","slug":"prefeitura-de-suzano-abre-processo-seletivo-para-estagio-no-ensino-superior-no-proximo-dia-21","status":"publish","type":"post","link":"https:\/\/jm-metropole.com.br\/site\/prefeitura-de-suzano-abre-processo-seletivo-para-estagio-no-ensino-superior-no-proximo-dia-21\/","title":{"rendered":"PREFEITURA DE SUZANO ABRE PROCESSO SELETIVO PARA EST\u00c1GIO NO ENSINO SUPERIOR NO PR\u00d3XIMO DIA 21"},"content":{"rendered":"<div id=\"model-response-message-contentr_ebbe4b9754efc6b5\" class=\"markdown markdown-main-panel enable-updated-hr-color\" dir=\"ltr\" aria-live=\"polite\" aria-busy=\"false\">\n<p style=\"text-align: justify;\" data-path-to-node=\"1\">A Prefeitura de Suzano, por meio da Secretaria Municipal de Administra\u00e7\u00e3o, inicia na pr\u00f3xima quarta-feira (21) as inscri\u00e7\u00f5es para um novo processo seletivo de est\u00e1gio, voltado para estudantes do ensino superior. O cadastro ser\u00e1 realizado exclusivamente de forma on-line atrav\u00e9s do site oficial do munic\u00edpio (suzano.sp.gov.br) e ficar\u00e1 dispon\u00edvel at\u00e9 o dia 27 de janeiro.<\/p>\n<p style=\"text-align: justify;\" data-path-to-node=\"2\">As vagas s\u00e3o destinadas a alunos matriculados nos cursos de Administra\u00e7\u00e3o, An\u00e1lise e Desenvolvimento de Sistemas, Arquitetura e Urbanismo, Ci\u00eancias Cont\u00e1beis, Engenharia Ambiental, Engenharia Civil, Engenharia da Computa\u00e7\u00e3o, Gest\u00e3o de Tecnologia da Informa\u00e7\u00e3o, Gest\u00e3o de Recursos Humanos, Jornalismo, Marketing e Publicidade e Propaganda. O edital n\u00ba 01\/2026 prev\u00ea a reserva de 10% das oportunidades para pessoas com defici\u00eancia (PCD).<\/p>\n<p style=\"text-align: justify;\" data-path-to-node=\"3\">A sele\u00e7\u00e3o dos candidatos ser\u00e1 feita por meio de uma prova objetiva on-line, que deve ser realizada imediatamente ap\u00f3s a conclus\u00e3o da inscri\u00e7\u00e3o. O exame contar\u00e1 com dez quest\u00f5es de m\u00faltipla escolha, divididas igualmente entre L\u00edngua Portuguesa e Matem\u00e1tica. A classifica\u00e7\u00e3o exige um aproveitamento m\u00ednimo de 50% na prova. O gabarito ser\u00e1 publicado no Di\u00e1rio Oficial Eletr\u00f4nico em 30 de janeiro, e a lista final de classificados tem previs\u00e3o para o dia 27 de fevereiro.<\/p>\n<p style=\"text-align: justify;\" data-path-to-node=\"4\">Os estudantes selecionados ter\u00e3o uma jornada semanal de 30 horas, sendo seis horas di\u00e1rias de segunda a sexta-feira. A bolsa-est\u00e1gio oferecida \u00e9 de R$ 800, somada a um aux\u00edlio-refei\u00e7\u00e3o de R$ 400 e vale-transporte, concedido conforme a necessidade de deslocamento do estagi\u00e1rio.<\/p>\n<p style=\"text-align: justify;\" data-path-to-node=\"5\">A convoca\u00e7\u00e3o dos aprovados ocorrer\u00e1 de acordo com a demanda das secretarias municipais e respeitar\u00e1 a ordem de classifica\u00e7\u00e3o final. O processo seletivo ter\u00e1 validade de seis meses. C\u00edntia Lira, secret\u00e1ria municipal de Administra\u00e7\u00e3o, destacou a import\u00e2ncia da iniciativa para aproximar os estudantes do servi\u00e7o p\u00fablico. \u201cO est\u00e1gio \u00e9 uma porta de entrada real para o servi\u00e7o p\u00fablico. A gente quer estudantes participando do dia a dia da prefeitura, entendendo como as pol\u00edticas p\u00fablicas funcionam na pr\u00e1tica e contribuindo com ideias novas\u201d, afirmou.<\/p>\n<\/div>\n","protected":false},"excerpt":{"rendered":"<p>A Prefeitura de Suzano, por meio da Secretaria Municipal de Administra\u00e7\u00e3o, inicia na pr\u00f3xima quarta-feira (21) as inscri\u00e7\u00f5es para um novo processo seletivo de est\u00e1gio, voltado para estudantes do ensino superior. O cadastro ser\u00e1 realizado exclusivamente de forma on-line atrav\u00e9s do site oficial do munic\u00edpio (suzano.sp.gov.br) e ficar\u00e1 dispon\u00edvel at\u00e9 o dia 27 de janeiro. [&hellip;]<\/p>\n","protected":false},"author":1,"featured_media":28537,"comment_status":"open","ping_status":"open","sticky":false,"template":"","format":"standard","meta":{"footnotes":""},"categories":[2,9],"tags":[],"class_list":{"0":"post-28532","1":"post","2":"type-post","3":"status-publish","4":"format-standard","5":"has-post-thumbnail","7":"category-cidades","8":"category-suzano"},"_links":{"self":[{"href":"https:\/\/jm-metropole.com.br\/site\/wp-json\/wp\/v2\/posts\/28532","targetHints":{"allow":["GET"]}}],"collection":[{"href":"https:\/\/jm-metropole.com.br\/site\/wp-json\/wp\/v2\/posts"}],"about":[{"href":"https:\/\/jm-metropole.com.br\/site\/wp-json\/wp\/v2\/types\/post"}],"author":[{"embeddable":true,"href":"https:\/\/jm-metropole.com.br\/site\/wp-json\/wp\/v2\/users\/1"}],"replies":[{"embeddable":true,"href":"https:\/\/jm-metropole.com.br\/site\/wp-json\/wp\/v2\/comments?post=28532"}],"version-history":[{"count":1,"href":"https:\/\/jm-metropole.com.br\/site\/wp-json\/wp\/v2\/posts\/28532\/revisions"}],"predecessor-version":[{"id":28538,"href":"https:\/\/jm-metropole.com.br\/site\/wp-json\/wp\/v2\/posts\/28532\/revisions\/28538"}],"wp:featuredmedia":[{"embeddable":true,"href":"https:\/\/jm-metropole.com.br\/site\/wp-json\/wp\/v2\/media\/28537"}],"wp:attachment":[{"href":"https:\/\/jm-metropole.com.br\/site\/wp-json\/wp\/v2\/media?parent=28532"}],"wp:term":[{"taxonomy":"category","embeddable":true,"href":"https:\/\/jm-metropole.com.br\/site\/wp-json\/wp\/v2\/categories?post=28532"},{"taxonomy":"post_tag","embeddable":true,"href":"https:\/\/jm-metropole.com.br\/site\/wp-json\/wp\/v2\/tags?post=28532"}],"curies":[{"name":"wp","href":"https:\/\/api.w.org\/{rel}","templated":true}]}}