{"id":28526,"date":"2026-01-13T12:03:28","date_gmt":"2026-01-13T15:03:28","guid":{"rendered":"https:\/\/jm-metropole.com.br\/site\/?p=28526"},"modified":"2026-01-13T12:03:28","modified_gmt":"2026-01-13T15:03:28","slug":"prefeitura-de-itaquaquecetuba-assina-ordem-de-servico-para-ampliacao-da-usf-parque-piratininga-e-entrega-novos-veiculos","status":"publish","type":"post","link":"https:\/\/jm-metropole.com.br\/site\/prefeitura-de-itaquaquecetuba-assina-ordem-de-servico-para-ampliacao-da-usf-parque-piratininga-e-entrega-novos-veiculos\/","title":{"rendered":"PREFEITURA DE ITAQUAQUECETUBA ASSINA ORDEM DE SERVI\u00c7O PARA AMPLIA\u00c7\u00c3O DA USF PARQUE PIRATININGA E ENTREGA NOVOS VE\u00cdCULOS"},"content":{"rendered":"<div id=\"model-response-message-contentr_4117d6557c6e9567\" class=\"markdown markdown-main-panel stronger enable-updated-hr-color\" dir=\"ltr\" aria-live=\"polite\" aria-busy=\"false\">\n<p style=\"text-align: justify;\" data-path-to-node=\"1\">A Prefeitura de Itaquaquecetuba oficializou, nesta segunda-feira (12), o in\u00edcio das obras de reforma e amplia\u00e7\u00e3o da Unidade de Sa\u00fade da Fam\u00edlia (USF) Parque Piratininga com a assinatura da ordem de servi\u00e7o. A cerim\u00f4nia, que contou com a presen\u00e7a do prefeito Eduardo Boigues e secret\u00e1rios municipais, tamb\u00e9m marcou a entrega de quatro novos ve\u00edculos para refor\u00e7ar a frota da sa\u00fade municipal.<\/p>\n<p style=\"text-align: justify;\" data-path-to-node=\"2\"><img loading=\"lazy\" decoding=\"async\" class=\"alignright size-medium wp-image-28528\" src=\"https:\/\/jm-metropole.com.br\/site\/wp-content\/uploads\/2026\/01\/WhatsApp-Image-2026-01-12-at-20.11.11-1-300x200.jpeg\" alt=\"\" width=\"300\" height=\"200\" srcset=\"https:\/\/jm-metropole.com.br\/site\/wp-content\/uploads\/2026\/01\/WhatsApp-Image-2026-01-12-at-20.11.11-1-300x200.jpeg 300w, https:\/\/jm-metropole.com.br\/site\/wp-content\/uploads\/2026\/01\/WhatsApp-Image-2026-01-12-at-20.11.11-1-1024x683.jpeg 1024w, https:\/\/jm-metropole.com.br\/site\/wp-content\/uploads\/2026\/01\/WhatsApp-Image-2026-01-12-at-20.11.11-1-768x512.jpeg 768w, https:\/\/jm-metropole.com.br\/site\/wp-content\/uploads\/2026\/01\/WhatsApp-Image-2026-01-12-at-20.11.11-1-150x100.jpeg 150w, https:\/\/jm-metropole.com.br\/site\/wp-content\/uploads\/2026\/01\/WhatsApp-Image-2026-01-12-at-20.11.11-1-600x400.jpeg 600w, https:\/\/jm-metropole.com.br\/site\/wp-content\/uploads\/2026\/01\/WhatsApp-Image-2026-01-12-at-20.11.11-1-696x464.jpeg 696w, https:\/\/jm-metropole.com.br\/site\/wp-content\/uploads\/2026\/01\/WhatsApp-Image-2026-01-12-at-20.11.11-1-1068x713.jpeg 1068w, https:\/\/jm-metropole.com.br\/site\/wp-content\/uploads\/2026\/01\/WhatsApp-Image-2026-01-12-at-20.11.11-1-630x420.jpeg 630w, https:\/\/jm-metropole.com.br\/site\/wp-content\/uploads\/2026\/01\/WhatsApp-Image-2026-01-12-at-20.11.11-1-1259x840.jpeg 1259w, https:\/\/jm-metropole.com.br\/site\/wp-content\/uploads\/2026\/01\/WhatsApp-Image-2026-01-12-at-20.11.11-1.jpeg 1280w\" sizes=\"auto, (max-width: 300px) 100vw, 300px\" \/>A interven\u00e7\u00e3o na USF busca solucionar limita\u00e7\u00f5es estruturais e adequar o espa\u00e7o \u00e0 demanda atual do bairro. O projeto prev\u00ea uma expans\u00e3o significativa: a unidade passar\u00e1 de quatro para cinco consult\u00f3rios m\u00e9dicos e de um para quatro consult\u00f3rios de enfermagem. A nova estrutura incluir\u00e1 salas espec\u00edficas para triagem, agendamento, coleta, curativos, vacina\u00e7\u00e3o e farm\u00e1cia, al\u00e9m de \u00e1reas t\u00e9cnicas e administrativas. A reforma tamb\u00e9m contemplar\u00e1 normas de acessibilidade, com banheiros adaptados, e uma nova fachada.<\/p>\n<p style=\"text-align: justify;\" data-path-to-node=\"3\">&#8220;Vai ser uma obra completa que vai al\u00e9m da amplia\u00e7\u00e3o f\u00edsica. H\u00e1 muito tempo a popula\u00e7\u00e3o pede esse trabalho e agora enfim vai sair do papel&#8221;, afirmou o prefeito Eduardo Boigues.<\/p>\n<p style=\"text-align: justify;\"><strong>Refor\u00e7o na frota<\/strong><\/p>\n<p style=\"text-align: justify;\"><img loading=\"lazy\" decoding=\"async\" class=\"alignleft size-medium wp-image-28527\" src=\"https:\/\/jm-metropole.com.br\/site\/wp-content\/uploads\/2026\/01\/WhatsApp-Image-2026-01-12-at-20.11.13-300x200.jpeg\" alt=\"\" width=\"300\" height=\"200\" srcset=\"https:\/\/jm-metropole.com.br\/site\/wp-content\/uploads\/2026\/01\/WhatsApp-Image-2026-01-12-at-20.11.13-300x200.jpeg 300w, https:\/\/jm-metropole.com.br\/site\/wp-content\/uploads\/2026\/01\/WhatsApp-Image-2026-01-12-at-20.11.13-1024x683.jpeg 1024w, https:\/\/jm-metropole.com.br\/site\/wp-content\/uploads\/2026\/01\/WhatsApp-Image-2026-01-12-at-20.11.13-768x512.jpeg 768w, https:\/\/jm-metropole.com.br\/site\/wp-content\/uploads\/2026\/01\/WhatsApp-Image-2026-01-12-at-20.11.13-150x100.jpeg 150w, https:\/\/jm-metropole.com.br\/site\/wp-content\/uploads\/2026\/01\/WhatsApp-Image-2026-01-12-at-20.11.13-600x400.jpeg 600w, https:\/\/jm-metropole.com.br\/site\/wp-content\/uploads\/2026\/01\/WhatsApp-Image-2026-01-12-at-20.11.13-696x464.jpeg 696w, https:\/\/jm-metropole.com.br\/site\/wp-content\/uploads\/2026\/01\/WhatsApp-Image-2026-01-12-at-20.11.13-1068x713.jpeg 1068w, https:\/\/jm-metropole.com.br\/site\/wp-content\/uploads\/2026\/01\/WhatsApp-Image-2026-01-12-at-20.11.13-630x420.jpeg 630w, https:\/\/jm-metropole.com.br\/site\/wp-content\/uploads\/2026\/01\/WhatsApp-Image-2026-01-12-at-20.11.13-1259x840.jpeg 1259w, https:\/\/jm-metropole.com.br\/site\/wp-content\/uploads\/2026\/01\/WhatsApp-Image-2026-01-12-at-20.11.13.jpeg 1280w\" sizes=\"auto, (max-width: 300px) 100vw, 300px\" \/>Al\u00e9m do an\u00fancio das obras, a Secretaria de Sa\u00fade recebeu quatro novos ve\u00edculos. Foram entregues tr\u00eas vans destinadas ao transporte de pacientes em hemodi\u00e1lise \u2014 com expectativa de atender mais de 3,5 mil pessoas por m\u00eas \u2014 e um &#8220;vacim\u00f3vel&#8221;, focado em a\u00e7\u00f5es itinerantes de imuniza\u00e7\u00e3o.<\/p>\n<p style=\"text-align: justify;\"><strong>Atendimento durante as obras<\/strong><\/p>\n<p style=\"text-align: justify;\">Para garantir a continuidade dos servi\u00e7os durante o per\u00edodo de constru\u00e7\u00e3o, os atendimentos da USF Parque Piratininga foram remanejados:<\/p>\n<ul style=\"text-align: justify;\" data-path-to-node=\"6\">\n<li>\n<p data-path-to-node=\"6,0,0\"><b data-path-to-node=\"6,0,0\" data-index-in-node=\"0\">Consultas m\u00e9dicas e de enfermagem:<\/b> Rua Luciano Cordeiro, 300 (Piratininga).<\/p>\n<\/li>\n<li>\n<p data-path-to-node=\"6,1,0\"><b data-path-to-node=\"6,1,0\" data-index-in-node=\"0\">Vacina\u00e7\u00e3o:<\/b> Posto da Guarda Civil Municipal (Rua Joaquim Caetano, no Piratininga).<\/p>\n<\/li>\n<li>\n<p data-path-to-node=\"6,2,0\"><b data-path-to-node=\"6,2,0\" data-index-in-node=\"0\">Farm\u00e1cia e Odontologia:<\/b> USF Pequeno Cora\u00e7\u00e3o (Rua Vasco da Gama, 201).<\/p>\n<\/li>\n<\/ul>\n<p style=\"text-align: right;\" data-path-to-node=\"7\"><em>Foto: Dayane Oliveira<\/em><\/p>\n<\/div>\n","protected":false},"excerpt":{"rendered":"<p>A Prefeitura de Itaquaquecetuba oficializou, nesta segunda-feira (12), o in\u00edcio das obras de reforma e amplia\u00e7\u00e3o da Unidade de Sa\u00fade da Fam\u00edlia (USF) Parque Piratininga com a assinatura da ordem de servi\u00e7o. A cerim\u00f4nia, que contou com a presen\u00e7a do prefeito Eduardo Boigues e secret\u00e1rios municipais, tamb\u00e9m marcou a entrega de quatro novos ve\u00edculos para [&hellip;]<\/p>\n","protected":false},"author":1,"featured_media":28529,"comment_status":"open","ping_status":"open","sticky":false,"template":"","format":"standard","meta":{"footnotes":""},"categories":[2,6,11],"tags":[],"class_list":{"0":"post-28526","1":"post","2":"type-post","3":"status-publish","4":"format-standard","5":"has-post-thumbnail","7":"category-cidades","8":"category-itaqua","9":"category-saude"},"_links":{"self":[{"href":"https:\/\/jm-metropole.com.br\/site\/wp-json\/wp\/v2\/posts\/28526","targetHints":{"allow":["GET"]}}],"collection":[{"href":"https:\/\/jm-metropole.com.br\/site\/wp-json\/wp\/v2\/posts"}],"about":[{"href":"https:\/\/jm-metropole.com.br\/site\/wp-json\/wp\/v2\/types\/post"}],"author":[{"embeddable":true,"href":"https:\/\/jm-metropole.com.br\/site\/wp-json\/wp\/v2\/users\/1"}],"replies":[{"embeddable":true,"href":"https:\/\/jm-metropole.com.br\/site\/wp-json\/wp\/v2\/comments?post=28526"}],"version-history":[{"count":1,"href":"https:\/\/jm-metropole.com.br\/site\/wp-json\/wp\/v2\/posts\/28526\/revisions"}],"predecessor-version":[{"id":28530,"href":"https:\/\/jm-metropole.com.br\/site\/wp-json\/wp\/v2\/posts\/28526\/revisions\/28530"}],"wp:featuredmedia":[{"embeddable":true,"href":"https:\/\/jm-metropole.com.br\/site\/wp-json\/wp\/v2\/media\/28529"}],"wp:attachment":[{"href":"https:\/\/jm-metropole.com.br\/site\/wp-json\/wp\/v2\/media?parent=28526"}],"wp:term":[{"taxonomy":"category","embeddable":true,"href":"https:\/\/jm-metropole.com.br\/site\/wp-json\/wp\/v2\/categories?post=28526"},{"taxonomy":"post_tag","embeddable":true,"href":"https:\/\/jm-metropole.com.br\/site\/wp-json\/wp\/v2\/tags?post=28526"}],"curies":[{"name":"wp","href":"https:\/\/api.w.org\/{rel}","templated":true}]}}