{"id":28522,"date":"2026-01-13T12:00:17","date_gmt":"2026-01-13T15:00:17","guid":{"rendered":"https:\/\/jm-metropole.com.br\/site\/?p=28522"},"modified":"2026-01-13T12:09:46","modified_gmt":"2026-01-13T15:09:46","slug":"apos-liderar-grupo-flamengo-de-guarulhos-inicia-mata-mata-da-copinha-nesta-terca-contra-o-monte-roraima","status":"publish","type":"post","link":"https:\/\/jm-metropole.com.br\/site\/apos-liderar-grupo-flamengo-de-guarulhos-inicia-mata-mata-da-copinha-nesta-terca-contra-o-monte-roraima\/","title":{"rendered":"AP\u00d3S LIDERAR GRUPO, FLAMENGO DE GUARULHOS INICIA MATA-MATA DA COPINHA NESTA TER\u00c7A CONTRA O MONTE RORAIMA"},"content":{"rendered":"<div id=\"model-response-message-contentr_d4c58af84db739e9\" class=\"markdown markdown-main-panel stronger enable-updated-hr-color\" dir=\"ltr\" style=\"text-align: justify;\" aria-live=\"polite\" aria-busy=\"false\">\n<p data-path-to-node=\"1\">A Associa\u00e7\u00e3o Atl\u00e9tica Flamengo de Guarulhos entra em campo nesta ter\u00e7a-feira (13) para um confronto decisivo pela segunda fase da Copa S\u00e3o Paulo de Futebol J\u00fanior 2026. A equipe guarulhense enfrenta o Monte Roraima \u00e0s 15h, no Est\u00e1dio Ant\u00f4nio Soares de Oliveira, no Jardim Tranquilidade, dando in\u00edcio \u00e0 fase eliminat\u00f3ria da competi\u00e7\u00e3o.<\/p>\n<p data-path-to-node=\"2\"><img loading=\"lazy\" decoding=\"async\" class=\"alignright size-medium wp-image-28523\" src=\"https:\/\/jm-metropole.com.br\/site\/wp-content\/uploads\/2026\/01\/WhatsApp-Image-2026-01-12-at-20.02.21-300x200.jpeg\" alt=\"\" width=\"300\" height=\"200\" srcset=\"https:\/\/jm-metropole.com.br\/site\/wp-content\/uploads\/2026\/01\/WhatsApp-Image-2026-01-12-at-20.02.21-300x200.jpeg 300w, https:\/\/jm-metropole.com.br\/site\/wp-content\/uploads\/2026\/01\/WhatsApp-Image-2026-01-12-at-20.02.21-1024x682.jpeg 1024w, https:\/\/jm-metropole.com.br\/site\/wp-content\/uploads\/2026\/01\/WhatsApp-Image-2026-01-12-at-20.02.21-768x512.jpeg 768w, https:\/\/jm-metropole.com.br\/site\/wp-content\/uploads\/2026\/01\/WhatsApp-Image-2026-01-12-at-20.02.21-1536x1023.jpeg 1536w, https:\/\/jm-metropole.com.br\/site\/wp-content\/uploads\/2026\/01\/WhatsApp-Image-2026-01-12-at-20.02.21-150x100.jpeg 150w, https:\/\/jm-metropole.com.br\/site\/wp-content\/uploads\/2026\/01\/WhatsApp-Image-2026-01-12-at-20.02.21-600x400.jpeg 600w, https:\/\/jm-metropole.com.br\/site\/wp-content\/uploads\/2026\/01\/WhatsApp-Image-2026-01-12-at-20.02.21-696x464.jpeg 696w, https:\/\/jm-metropole.com.br\/site\/wp-content\/uploads\/2026\/01\/WhatsApp-Image-2026-01-12-at-20.02.21-1392x927.jpeg 1392w, https:\/\/jm-metropole.com.br\/site\/wp-content\/uploads\/2026\/01\/WhatsApp-Image-2026-01-12-at-20.02.21-1068x712.jpeg 1068w, https:\/\/jm-metropole.com.br\/site\/wp-content\/uploads\/2026\/01\/WhatsApp-Image-2026-01-12-at-20.02.21-630x420.jpeg 630w, https:\/\/jm-metropole.com.br\/site\/wp-content\/uploads\/2026\/01\/WhatsApp-Image-2026-01-12-at-20.02.21-1261x840.jpeg 1261w, https:\/\/jm-metropole.com.br\/site\/wp-content\/uploads\/2026\/01\/WhatsApp-Image-2026-01-12-at-20.02.21.jpeg 1600w\" sizes=\"auto, (max-width: 300px) 100vw, 300px\" \/>O time chega embalado para o mata-mata ap\u00f3s encerrar a primeira etapa na lideran\u00e7a isolada de seu grupo. A posi\u00e7\u00e3o foi consolidada na \u00faltima sexta-feira (9), com uma vit\u00f3ria por 1 a 0 sobre o Vit\u00f3ria-BA, em partida onde ambas as equipes j\u00e1 entraram em campo classificadas. O Flamengo fechou a fase inicial invicto, acumulando duas vit\u00f3rias e um empate.<\/p>\n<p data-path-to-node=\"3\">O advers\u00e1rio desta tarde, Monte Roraima, classificou-se na segunda posi\u00e7\u00e3o de sua chave, somando duas vit\u00f3rias e uma derrota. Por se tratar de uma fase eliminat\u00f3ria, em caso de empate no tempo regulamentar, a vaga para a pr\u00f3xima etapa ser\u00e1 decidida na disputa de p\u00eanaltis. Quem avan\u00e7ar deste confronto ter\u00e1 pela frente um desafio duro: o vencedor do duelo entre Palmeiras e Vit\u00f3ria-BA.<\/p>\n<p data-path-to-node=\"4\">O secret\u00e1rio de Esporte e Lazer, Ticiano Neves, refor\u00e7ou a import\u00e2ncia do fator casa e convocou a torcida para apoiar o time neste momento crucial. \u201cEstamos com apoio total ao time da cidade e a torcida faz toda diferen\u00e7a em cada jogo. Fica o convite para os guarulhenses prestigiarem esse grande evento e incentivar muito a equipe\u201d, declarou.<\/p>\n<p style=\"text-align: right;\" data-path-to-node=\"5\"><em>Foto: La\u00e9rcio Correia Filho\/PMG<\/em><\/p>\n<\/div>\n","protected":false},"excerpt":{"rendered":"<p>A Associa\u00e7\u00e3o Atl\u00e9tica Flamengo de Guarulhos entra em campo nesta ter\u00e7a-feira (13) para um confronto decisivo pela segunda fase da Copa S\u00e3o Paulo de Futebol J\u00fanior 2026. A equipe guarulhense enfrenta o Monte Roraima \u00e0s 15h, no Est\u00e1dio Ant\u00f4nio Soares de Oliveira, no Jardim Tranquilidade, dando in\u00edcio \u00e0 fase eliminat\u00f3ria da competi\u00e7\u00e3o. O time chega [&hellip;]<\/p>\n","protected":false},"author":1,"featured_media":28524,"comment_status":"open","ping_status":"open","sticky":false,"template":"","format":"standard","meta":{"footnotes":""},"categories":[12,3],"tags":[],"class_list":{"0":"post-28522","1":"post","2":"type-post","3":"status-publish","4":"format-standard","5":"has-post-thumbnail","7":"category-esporte","8":"category-guarulhos"},"_links":{"self":[{"href":"https:\/\/jm-metropole.com.br\/site\/wp-json\/wp\/v2\/posts\/28522","targetHints":{"allow":["GET"]}}],"collection":[{"href":"https:\/\/jm-metropole.com.br\/site\/wp-json\/wp\/v2\/posts"}],"about":[{"href":"https:\/\/jm-metropole.com.br\/site\/wp-json\/wp\/v2\/types\/post"}],"author":[{"embeddable":true,"href":"https:\/\/jm-metropole.com.br\/site\/wp-json\/wp\/v2\/users\/1"}],"replies":[{"embeddable":true,"href":"https:\/\/jm-metropole.com.br\/site\/wp-json\/wp\/v2\/comments?post=28522"}],"version-history":[{"count":2,"href":"https:\/\/jm-metropole.com.br\/site\/wp-json\/wp\/v2\/posts\/28522\/revisions"}],"predecessor-version":[{"id":28531,"href":"https:\/\/jm-metropole.com.br\/site\/wp-json\/wp\/v2\/posts\/28522\/revisions\/28531"}],"wp:featuredmedia":[{"embeddable":true,"href":"https:\/\/jm-metropole.com.br\/site\/wp-json\/wp\/v2\/media\/28524"}],"wp:attachment":[{"href":"https:\/\/jm-metropole.com.br\/site\/wp-json\/wp\/v2\/media?parent=28522"}],"wp:term":[{"taxonomy":"category","embeddable":true,"href":"https:\/\/jm-metropole.com.br\/site\/wp-json\/wp\/v2\/categories?post=28522"},{"taxonomy":"post_tag","embeddable":true,"href":"https:\/\/jm-metropole.com.br\/site\/wp-json\/wp\/v2\/tags?post=28522"}],"curies":[{"name":"wp","href":"https:\/\/api.w.org\/{rel}","templated":true}]}}