{"id":28516,"date":"2026-01-13T11:56:56","date_gmt":"2026-01-13T14:56:56","guid":{"rendered":"https:\/\/jm-metropole.com.br\/site\/?p=28516"},"modified":"2026-01-13T11:56:56","modified_gmt":"2026-01-13T14:56:56","slug":"lider-do-grupo-iac-enfreta-uniao-mogi-em-jogo-decisivo-pela-copinha-nesta-terca-feira","status":"publish","type":"post","link":"https:\/\/jm-metropole.com.br\/site\/lider-do-grupo-iac-enfreta-uniao-mogi-em-jogo-decisivo-pela-copinha-nesta-terca-feira\/","title":{"rendered":"LIDER DO  GRUPO, IAC ENFRETA UNI\u00c3O MOGI EM JOGO DECISIVO PELA COPINHA NESTA TER\u00c7A-FEIRA"},"content":{"rendered":"<div id=\"model-response-message-contentr_2e523e66b3af636f\" class=\"markdown markdown-main-panel stronger enable-updated-hr-color\" dir=\"ltr\" aria-live=\"polite\" aria-busy=\"false\">\n<p style=\"text-align: justify;\" data-path-to-node=\"1\">Embalado pela conquista da lideran\u00e7a de seu grupo, o Itaquaquecetuba Athletico Clube (IAC) entra em campo nesta ter\u00e7a-feira (13) para um confronto decisivo pela segunda fase da Copa S\u00e3o Paulo de Futebol J\u00fanior 2026. A equipe recebe o Uni\u00e3o Mogi \u00e0s 15h, no Est\u00e1dio Municipal Ildeu Silvestre do Carmo, em um cl\u00e1ssico regional que vale vaga na pr\u00f3xima etapa da competi\u00e7\u00e3o.<\/p>\n<p style=\"text-align: justify;\" data-path-to-node=\"2\"><img loading=\"lazy\" decoding=\"async\" class=\"alignright size-medium wp-image-28518\" src=\"https:\/\/jm-metropole.com.br\/site\/wp-content\/uploads\/2026\/01\/WhatsApp-Image-2026-01-12-at-20.09.46-300x200.jpeg\" alt=\"\" width=\"300\" height=\"200\" srcset=\"https:\/\/jm-metropole.com.br\/site\/wp-content\/uploads\/2026\/01\/WhatsApp-Image-2026-01-12-at-20.09.46-300x200.jpeg 300w, https:\/\/jm-metropole.com.br\/site\/wp-content\/uploads\/2026\/01\/WhatsApp-Image-2026-01-12-at-20.09.46-1024x683.jpeg 1024w, https:\/\/jm-metropole.com.br\/site\/wp-content\/uploads\/2026\/01\/WhatsApp-Image-2026-01-12-at-20.09.46-768x512.jpeg 768w, https:\/\/jm-metropole.com.br\/site\/wp-content\/uploads\/2026\/01\/WhatsApp-Image-2026-01-12-at-20.09.46-150x100.jpeg 150w, https:\/\/jm-metropole.com.br\/site\/wp-content\/uploads\/2026\/01\/WhatsApp-Image-2026-01-12-at-20.09.46-600x400.jpeg 600w, https:\/\/jm-metropole.com.br\/site\/wp-content\/uploads\/2026\/01\/WhatsApp-Image-2026-01-12-at-20.09.46-696x464.jpeg 696w, https:\/\/jm-metropole.com.br\/site\/wp-content\/uploads\/2026\/01\/WhatsApp-Image-2026-01-12-at-20.09.46-1068x713.jpeg 1068w, https:\/\/jm-metropole.com.br\/site\/wp-content\/uploads\/2026\/01\/WhatsApp-Image-2026-01-12-at-20.09.46-630x420.jpeg 630w, https:\/\/jm-metropole.com.br\/site\/wp-content\/uploads\/2026\/01\/WhatsApp-Image-2026-01-12-at-20.09.46-1259x840.jpeg 1259w, https:\/\/jm-metropole.com.br\/site\/wp-content\/uploads\/2026\/01\/WhatsApp-Image-2026-01-12-at-20.09.46.jpeg 1280w\" sizes=\"auto, (max-width: 300px) 100vw, 300px\" \/>A classifica\u00e7\u00e3o para o mata-mata foi selada no \u00faltimo s\u00e1bado (10), quando o IAC derrotou o tradicional N\u00e1utico-PE por 1 a 0, sob um calor de 32\u00b0C em Itaqu\u00e1. Em uma partida tensa e com \u00e2nimos exaltados, o gol da vit\u00f3ria saiu ainda no primeiro tempo, ap\u00f3s jogada articulada pelo camisa 10, Guilherme Salom\u00e3o. O time da casa mostrou organiza\u00e7\u00e3o para segurar a press\u00e3o advers\u00e1ria e garantir o primeiro lugar da chave.<\/p>\n<p style=\"text-align: justify;\" data-path-to-node=\"3\">&#8220;Foi um dia muito especial para o esporte da nossa cidade. Ver os jovens enfrentando um clube tradicional como o N\u00e1utico e conquistando essa vit\u00f3ria mostra a for\u00e7a do trabalho que vem sendo feito em Itaqu\u00e1&#8221;, afirmou o prefeito Eduardo Boigues sobre a classifica\u00e7\u00e3o.<\/p>\n<p style=\"text-align: justify;\"><img loading=\"lazy\" decoding=\"async\" class=\"alignleft size-medium wp-image-28519\" src=\"https:\/\/jm-metropole.com.br\/site\/wp-content\/uploads\/2026\/01\/WhatsApp-Image-2026-01-12-at-20.09.02-200x300.jpeg\" alt=\"\" width=\"200\" height=\"300\" srcset=\"https:\/\/jm-metropole.com.br\/site\/wp-content\/uploads\/2026\/01\/WhatsApp-Image-2026-01-12-at-20.09.02-200x300.jpeg 200w, https:\/\/jm-metropole.com.br\/site\/wp-content\/uploads\/2026\/01\/WhatsApp-Image-2026-01-12-at-20.09.02-683x1024.jpeg 683w, https:\/\/jm-metropole.com.br\/site\/wp-content\/uploads\/2026\/01\/WhatsApp-Image-2026-01-12-at-20.09.02-768x1151.jpeg 768w, https:\/\/jm-metropole.com.br\/site\/wp-content\/uploads\/2026\/01\/WhatsApp-Image-2026-01-12-at-20.09.02-150x225.jpeg 150w, https:\/\/jm-metropole.com.br\/site\/wp-content\/uploads\/2026\/01\/WhatsApp-Image-2026-01-12-at-20.09.02-300x450.jpeg 300w, https:\/\/jm-metropole.com.br\/site\/wp-content\/uploads\/2026\/01\/WhatsApp-Image-2026-01-12-at-20.09.02-600x899.jpeg 600w, https:\/\/jm-metropole.com.br\/site\/wp-content\/uploads\/2026\/01\/WhatsApp-Image-2026-01-12-at-20.09.02-696x1043.jpeg 696w, https:\/\/jm-metropole.com.br\/site\/wp-content\/uploads\/2026\/01\/WhatsApp-Image-2026-01-12-at-20.09.02-280x420.jpeg 280w, https:\/\/jm-metropole.com.br\/site\/wp-content\/uploads\/2026\/01\/WhatsApp-Image-2026-01-12-at-20.09.02-560x840.jpeg 560w, https:\/\/jm-metropole.com.br\/site\/wp-content\/uploads\/2026\/01\/WhatsApp-Image-2026-01-12-at-20.09.02.jpeg 854w\" sizes=\"auto, (max-width: 200px) 100vw, 200px\" \/>Para o duelo desta ter\u00e7a-feira contra o Uni\u00e3o Mogi, a expectativa \u00e9 de casa cheia. A entrada \u00e9 gratuita, mas os torcedores precisam retirar os ingressos antecipadamente pelo site fpf.soudaliga.com.br. Por quest\u00f5es de seguran\u00e7a, n\u00e3o ser\u00e1 permitida a entrada no est\u00e1dio com capacetes, guarda-chuvas ou garrafas met\u00e1licas. O Est\u00e1dio Municipal fica na rua Goi\u00e1s, no bairro Morro Branco.<\/p>\n<p style=\"text-align: justify;\" data-path-to-node=\"5\">As autoridades locais refor\u00e7aram a import\u00e2ncia do apoio da torcida neste momento decisivo. &#8220;Contra o Uni\u00e3o Mogi n\u00e3o \u00e9 apenas mais um jogo, \u00e9 cl\u00e1ssico regional. O IAC entra em campo preparado para lutar pela classifica\u00e7\u00e3o e a presen\u00e7a da torcida ser\u00e1 decisiva&#8221;, completou o prefeito. O secret\u00e1rio de Esportes, Fabiano Novais, destacou a &#8220;garra e determina\u00e7\u00e3o&#8221; do time, enquanto o secret\u00e1rio de Governo, Marcello Barbosa, celebrou o fato de o clube seguir como uma vitrine para a cidade no cen\u00e1rio nacional.<\/p>\n<p style=\"text-align: right;\" data-path-to-node=\"6\"><em>Foto: Dayane Oliveira<\/em><\/p>\n<\/div>\n","protected":false},"excerpt":{"rendered":"<p>Embalado pela conquista da lideran\u00e7a de seu grupo, o Itaquaquecetuba Athletico Clube (IAC) entra em campo nesta ter\u00e7a-feira (13) para um confronto decisivo pela segunda fase da Copa S\u00e3o Paulo de Futebol J\u00fanior 2026. A equipe recebe o Uni\u00e3o Mogi \u00e0s 15h, no Est\u00e1dio Municipal Ildeu Silvestre do Carmo, em um cl\u00e1ssico regional que vale [&hellip;]<\/p>\n","protected":false},"author":1,"featured_media":28520,"comment_status":"open","ping_status":"open","sticky":false,"template":"","format":"standard","meta":{"footnotes":""},"categories":[12,6],"tags":[],"class_list":{"0":"post-28516","1":"post","2":"type-post","3":"status-publish","4":"format-standard","5":"has-post-thumbnail","7":"category-esporte","8":"category-itaqua"},"_links":{"self":[{"href":"https:\/\/jm-metropole.com.br\/site\/wp-json\/wp\/v2\/posts\/28516","targetHints":{"allow":["GET"]}}],"collection":[{"href":"https:\/\/jm-metropole.com.br\/site\/wp-json\/wp\/v2\/posts"}],"about":[{"href":"https:\/\/jm-metropole.com.br\/site\/wp-json\/wp\/v2\/types\/post"}],"author":[{"embeddable":true,"href":"https:\/\/jm-metropole.com.br\/site\/wp-json\/wp\/v2\/users\/1"}],"replies":[{"embeddable":true,"href":"https:\/\/jm-metropole.com.br\/site\/wp-json\/wp\/v2\/comments?post=28516"}],"version-history":[{"count":2,"href":"https:\/\/jm-metropole.com.br\/site\/wp-json\/wp\/v2\/posts\/28516\/revisions"}],"predecessor-version":[{"id":28521,"href":"https:\/\/jm-metropole.com.br\/site\/wp-json\/wp\/v2\/posts\/28516\/revisions\/28521"}],"wp:featuredmedia":[{"embeddable":true,"href":"https:\/\/jm-metropole.com.br\/site\/wp-json\/wp\/v2\/media\/28520"}],"wp:attachment":[{"href":"https:\/\/jm-metropole.com.br\/site\/wp-json\/wp\/v2\/media?parent=28516"}],"wp:term":[{"taxonomy":"category","embeddable":true,"href":"https:\/\/jm-metropole.com.br\/site\/wp-json\/wp\/v2\/categories?post=28516"},{"taxonomy":"post_tag","embeddable":true,"href":"https:\/\/jm-metropole.com.br\/site\/wp-json\/wp\/v2\/tags?post=28516"}],"curies":[{"name":"wp","href":"https:\/\/api.w.org\/{rel}","templated":true}]}}