{"id":28506,"date":"2026-01-13T11:47:35","date_gmt":"2026-01-13T14:47:35","guid":{"rendered":"https:\/\/jm-metropole.com.br\/site\/?p=28506"},"modified":"2026-01-13T11:47:52","modified_gmt":"2026-01-13T14:47:52","slug":"parque-max-feffer-recebe-mais-de-3-mil-pessoas-no-inicio-da-programacao-de-ferias-em-suzano","status":"publish","type":"post","link":"https:\/\/jm-metropole.com.br\/site\/parque-max-feffer-recebe-mais-de-3-mil-pessoas-no-inicio-da-programacao-de-ferias-em-suzano\/","title":{"rendered":"PARQUE MAX FEFFER RECEBE MAIS DE 3 MIL PESSOAS NO IN\u00cdCIO DA PROGRAMA\u00c7\u00c3O DE F\u00c9RIAS EM SUZANO"},"content":{"rendered":"<div id=\"model-response-message-contentr_c5f8645b1c51aed3\" class=\"markdown markdown-main-panel stronger enable-updated-hr-color\" dir=\"ltr\" aria-live=\"off\" aria-busy=\"false\">\n<p style=\"text-align: justify;\" data-path-to-node=\"1\">O Parque Municipal Max Feffer, em Suzano, registrou a presen\u00e7a de mais de 3 mil pessoas no \u00faltimo domingo (11) durante a abertura da programa\u00e7\u00e3o especial de f\u00e9rias. O evento, organizado pela Secretaria Municipal de Cultura, ofereceu diversas atividades gratuitas de lazer e arte voltadas para fam\u00edlias e crian\u00e7as da regi\u00e3o.<\/p>\n<p style=\"text-align: justify;\" data-path-to-node=\"2\">De acordo com o balan\u00e7o divulgado pela administra\u00e7\u00e3o municipal, cerca de 800 frequentadores participaram diretamente das oficinas oferecidas, que inclu\u00edram pintura facial, aulas de ritmos, street dance, circo e desenho. As atra\u00e7\u00f5es ocorreram de forma cont\u00ednua das 11h \u00e0s 17h e contaram tamb\u00e9m com a instala\u00e7\u00e3o de brinquedos infl\u00e1veis e espa\u00e7os de recrea\u00e7\u00e3o.<\/p>\n<p style=\"text-align: justify;\" data-path-to-node=\"3\">A diretora de Cultura, M\u00e1rcia Belarmino, destacou que o resultado do primeiro dia refor\u00e7a a import\u00e2ncia de oferecer op\u00e7\u00f5es de entretenimento acess\u00edvel em per\u00edodos de recesso escolar. Segundo o secret\u00e1rio de Cultura, Jos\u00e9 Luiz Spitti, a iniciativa busca descentralizar o acesso \u00e0s pol\u00edticas p\u00fablicas de lazer, levando as atividades para diferentes pontos do munic\u00edpio.<\/p>\n<p style=\"text-align: justify;\"><strong>Pr\u00f3ximas atividades<\/strong><\/p>\n<p style=\"text-align: justify;\">A programa\u00e7\u00e3o especial segue ao longo de janeiro. No pr\u00f3ximo s\u00e1bado (17), as oficinas ser\u00e3o realizadas na Casa de Cultura Professor Luiz Antonio da Silva, no Parque Palmeiras. No domingo (18), ser\u00e1 a vez do Parque do Mirante (Parque Municipal de Conserva\u00e7\u00e3o Ambiental Professora Bianca Carla Nunes da Silva) receber as atra\u00e7\u00f5es. O projeto retorna ao Parque Max Feffer no dia 25 de janeiro.<\/p>\n<p style=\"text-align: justify;\" data-path-to-node=\"5\">Al\u00e9m dos eventos ao ar livre, o Casar\u00e3o da Mem\u00f3ria mant\u00e9m visitas guiadas e apresenta\u00e7\u00f5es teatrais de segunda a sexta-feira, das 9h \u00e0s 16h. Para participar de qualquer atividade da programa\u00e7\u00e3o de f\u00e9rias, n\u00e3o \u00e9 necess\u00e1rio realizar inscri\u00e7\u00e3o antecipada, sendo solicitado apenas que os interessados compare\u00e7am aos locais com anteced\u00eancia.<\/p>\n<p style=\"text-align: right;\" data-path-to-node=\"6\"><em>Cr\u00e9dito das fotos: Gabriel Lima\/Secop Suzano<\/em><\/p>\n<\/div>\n","protected":false},"excerpt":{"rendered":"<p>O Parque Municipal Max Feffer, em Suzano, registrou a presen\u00e7a de mais de 3 mil pessoas no \u00faltimo domingo (11) durante a abertura da programa\u00e7\u00e3o especial de f\u00e9rias. O evento, organizado pela Secretaria Municipal de Cultura, ofereceu diversas atividades gratuitas de lazer e arte voltadas para fam\u00edlias e crian\u00e7as da regi\u00e3o. De acordo com o [&hellip;]<\/p>\n","protected":false},"author":1,"featured_media":28511,"comment_status":"open","ping_status":"open","sticky":false,"template":"","format":"standard","meta":{"footnotes":""},"categories":[13,12,9],"tags":[],"class_list":{"0":"post-28506","1":"post","2":"type-post","3":"status-publish","4":"format-standard","5":"has-post-thumbnail","7":"category-cultura","8":"category-esporte","9":"category-suzano"},"_links":{"self":[{"href":"https:\/\/jm-metropole.com.br\/site\/wp-json\/wp\/v2\/posts\/28506","targetHints":{"allow":["GET"]}}],"collection":[{"href":"https:\/\/jm-metropole.com.br\/site\/wp-json\/wp\/v2\/posts"}],"about":[{"href":"https:\/\/jm-metropole.com.br\/site\/wp-json\/wp\/v2\/types\/post"}],"author":[{"embeddable":true,"href":"https:\/\/jm-metropole.com.br\/site\/wp-json\/wp\/v2\/users\/1"}],"replies":[{"embeddable":true,"href":"https:\/\/jm-metropole.com.br\/site\/wp-json\/wp\/v2\/comments?post=28506"}],"version-history":[{"count":1,"href":"https:\/\/jm-metropole.com.br\/site\/wp-json\/wp\/v2\/posts\/28506\/revisions"}],"predecessor-version":[{"id":28512,"href":"https:\/\/jm-metropole.com.br\/site\/wp-json\/wp\/v2\/posts\/28506\/revisions\/28512"}],"wp:featuredmedia":[{"embeddable":true,"href":"https:\/\/jm-metropole.com.br\/site\/wp-json\/wp\/v2\/media\/28511"}],"wp:attachment":[{"href":"https:\/\/jm-metropole.com.br\/site\/wp-json\/wp\/v2\/media?parent=28506"}],"wp:term":[{"taxonomy":"category","embeddable":true,"href":"https:\/\/jm-metropole.com.br\/site\/wp-json\/wp\/v2\/categories?post=28506"},{"taxonomy":"post_tag","embeddable":true,"href":"https:\/\/jm-metropole.com.br\/site\/wp-json\/wp\/v2\/tags?post=28506"}],"curies":[{"name":"wp","href":"https:\/\/api.w.org\/{rel}","templated":true}]}}