{"id":28499,"date":"2026-01-12T21:17:04","date_gmt":"2026-01-13T00:17:04","guid":{"rendered":"https:\/\/jm-metropole.com.br\/site\/?p=28499"},"modified":"2026-01-12T21:17:04","modified_gmt":"2026-01-13T00:17:04","slug":"luis-camargo-assume-presidencia-do-condemat-nesta-quinta-feira-em-cerimonia-de-posse","status":"publish","type":"post","link":"https:\/\/jm-metropole.com.br\/site\/luis-camargo-assume-presidencia-do-condemat-nesta-quinta-feira-em-cerimonia-de-posse\/","title":{"rendered":"LUIS CAMARGO ASSUME PRESID\u00caNCIA DO CONDEMAT+ NESTA QUINTA-FEIRA EM CERIM\u00d4NIA DE POSSE"},"content":{"rendered":"<div id=\"model-response-message-contentr_f0cec42e3464af17\" class=\"markdown markdown-main-panel stronger enable-updated-hr-color\" dir=\"ltr\" aria-live=\"polite\" aria-busy=\"false\">\n<p style=\"text-align: justify;\" data-path-to-node=\"1\">O CONDEMAT+ realiza nesta quinta-feira (15) a cerim\u00f4nia de posse da nova diretoria do Conselho de Prefeitos e do Conselho Fiscal para a gest\u00e3o de 2026. O evento, que marca o in\u00edcio de um novo ciclo de coopera\u00e7\u00e3o regional, acontece \u00e0s 16h no Pr\u00e9dio 2 da Prefeitura de Mogi das Cruzes.<\/p>\n<p style=\"text-align: justify;\" data-path-to-node=\"2\">A Diretoria 2026 ser\u00e1 presidida pelo prefeito de Aruj\u00e1, Luis Camargo, com Pedro Ishi, prefeito de Suzano, ocupando o cargo de vice-presidente. A estrutura administrativa conta ainda com a participa\u00e7\u00e3o dos prefeitos Saulo Souza (Po\u00e1), Rodolfo Marcondes (Sales\u00f3polis) e Priscila Gambale (Ferraz de Vasconcelos).<\/p>\n<p style=\"text-align: justify;\" data-path-to-node=\"3\">Para o Conselho Fiscal, o presidente ser\u00e1 o prefeito de Santa Isabel, Carlos Chinchilla. O grupo fiscalizador ter\u00e1 tamb\u00e9m a participa\u00e7\u00e3o dos prefeitos Gabriel Prianti (Igarat\u00e1), Walid Ali Hamid (Mairipor\u00e3), Mara Bertaiolli (Mogi das Cruzes) e Adriano Levorin (Santa Branca).<\/p>\n<p style=\"text-align: justify;\" data-path-to-node=\"4\">O cons\u00f3rcio busca, com a nova gest\u00e3o, fortalecer o desenvolvimento das cidades da regi\u00e3o por meio de a\u00e7\u00f5es integradas e parcerias entre os munic\u00edpios. A solenidade ser\u00e1 realizada na Rua Francisco Franco, 133, no centro de Mogi das Cruzes. Mais informa\u00e7\u00f5es sobre o evento podem ser obtidas pelo telefone (11) 4652-3413.<\/p>\n<\/div>\n","protected":false},"excerpt":{"rendered":"<p>O CONDEMAT+ realiza nesta quinta-feira (15) a cerim\u00f4nia de posse da nova diretoria do Conselho de Prefeitos e do Conselho Fiscal para a gest\u00e3o de 2026. O evento, que marca o in\u00edcio de um novo ciclo de coopera\u00e7\u00e3o regional, acontece \u00e0s 16h no Pr\u00e9dio 2 da Prefeitura de Mogi das Cruzes. A Diretoria 2026 ser\u00e1 [&hellip;]<\/p>\n","protected":false},"author":1,"featured_media":28500,"comment_status":"open","ping_status":"open","sticky":false,"template":"","format":"standard","meta":{"footnotes":""},"categories":[21,4],"tags":[],"class_list":{"0":"post-28499","1":"post","2":"type-post","3":"status-publish","4":"format-standard","5":"has-post-thumbnail","7":"category-alto-tiete","8":"category-aruja"},"_links":{"self":[{"href":"https:\/\/jm-metropole.com.br\/site\/wp-json\/wp\/v2\/posts\/28499","targetHints":{"allow":["GET"]}}],"collection":[{"href":"https:\/\/jm-metropole.com.br\/site\/wp-json\/wp\/v2\/posts"}],"about":[{"href":"https:\/\/jm-metropole.com.br\/site\/wp-json\/wp\/v2\/types\/post"}],"author":[{"embeddable":true,"href":"https:\/\/jm-metropole.com.br\/site\/wp-json\/wp\/v2\/users\/1"}],"replies":[{"embeddable":true,"href":"https:\/\/jm-metropole.com.br\/site\/wp-json\/wp\/v2\/comments?post=28499"}],"version-history":[{"count":1,"href":"https:\/\/jm-metropole.com.br\/site\/wp-json\/wp\/v2\/posts\/28499\/revisions"}],"predecessor-version":[{"id":28501,"href":"https:\/\/jm-metropole.com.br\/site\/wp-json\/wp\/v2\/posts\/28499\/revisions\/28501"}],"wp:featuredmedia":[{"embeddable":true,"href":"https:\/\/jm-metropole.com.br\/site\/wp-json\/wp\/v2\/media\/28500"}],"wp:attachment":[{"href":"https:\/\/jm-metropole.com.br\/site\/wp-json\/wp\/v2\/media?parent=28499"}],"wp:term":[{"taxonomy":"category","embeddable":true,"href":"https:\/\/jm-metropole.com.br\/site\/wp-json\/wp\/v2\/categories?post=28499"},{"taxonomy":"post_tag","embeddable":true,"href":"https:\/\/jm-metropole.com.br\/site\/wp-json\/wp\/v2\/tags?post=28499"}],"curies":[{"name":"wp","href":"https:\/\/api.w.org\/{rel}","templated":true}]}}