{"id":28496,"date":"2026-01-12T21:15:27","date_gmt":"2026-01-13T00:15:27","guid":{"rendered":"https:\/\/jm-metropole.com.br\/site\/?p=28496"},"modified":"2026-01-12T21:15:27","modified_gmt":"2026-01-13T00:15:27","slug":"prefeitura-e-governo-do-estado-inauguram-espaco-prevenir-em-guarulhos","status":"publish","type":"post","link":"https:\/\/jm-metropole.com.br\/site\/prefeitura-e-governo-do-estado-inauguram-espaco-prevenir-em-guarulhos\/","title":{"rendered":"PREFEITURA E GOVERNO DO ESTADO INAUGURAM ESPA\u00c7O PREVENIR EM GUARULHOS"},"content":{"rendered":"<div id=\"model-response-message-contentr_4e0dfc0ae9b8c671\" class=\"markdown markdown-main-panel stronger enable-updated-hr-color\" dir=\"ltr\" aria-live=\"polite\" aria-busy=\"false\">\n<p style=\"text-align: justify;\" data-path-to-node=\"1\">A Prefeitura de Guarulhos e o Governo do Estado de S\u00e3o Paulo inauguraram no Jardim Maia o Espa\u00e7o Prevenir, um servi\u00e7o voltado \u00e0 preven\u00e7\u00e3o do uso de drogas e ao fortalecimento de v\u00ednculos familiares. A iniciativa foca na prote\u00e7\u00e3o de crian\u00e7as, adolescentes e suas fam\u00edlias, atuando tanto na preven\u00e7\u00e3o quanto no cuidado de comunidades impactadas pelo uso de subst\u00e2ncias, especialmente em regi\u00f5es pr\u00f3ximas a cenas abertas de uso.<\/p>\n<p style=\"text-align: justify;\" data-path-to-node=\"2\">A cerim\u00f4nia de inaugura\u00e7\u00e3o, realizada na \u00faltima sexta-feira (9), contou com a presen\u00e7a do governador em exerc\u00edcio, Fel\u00edcio Ramuth, e do secret\u00e1rio municipal de Desenvolvimento Social, Prote\u00e7\u00e3o e Defesa Civil, Henrique Menezes, al\u00e9m de outras autoridades locais e estaduais.<\/p>\n<p style=\"text-align: justify;\" data-path-to-node=\"3\">O programa atende pais, respons\u00e1veis e profissionais das \u00e1reas de educa\u00e7\u00e3o, sa\u00fade, assist\u00eancia social e seguran\u00e7a p\u00fablica, al\u00e9m de indiv\u00edduos diretamente afetados pelo contexto das drogas. As unidades contam com equipes interdisciplinares formadas por psic\u00f3logos, assistentes sociais, pedagogos e coordenadores. O grupo realiza atendimentos individuais e coletivos, capacita\u00e7\u00f5es, a\u00e7\u00f5es de preven\u00e7\u00e3o \u00e0 reca\u00edda e orienta\u00e7\u00e3o para o acesso \u00e0 rede de servi\u00e7os p\u00fablicos.<\/p>\n<p style=\"text-align: justify;\" data-path-to-node=\"4\">O objetivo do Espa\u00e7o Prevenir \u00e9 oferecer um ambiente seguro e acolhedor, baseado em evid\u00eancias cient\u00edficas, para promover a prote\u00e7\u00e3o social e a constru\u00e7\u00e3o de trajet\u00f3rias saud\u00e1veis para os atendidos. O servi\u00e7o \u00e9 totalmente gratuito e n\u00e3o h\u00e1 necessidade de agendamento ou inscri\u00e7\u00e3o pr\u00e9via, bastando ao cidad\u00e3o comparecer \u00e0 unidade para ser acolhido.<\/p>\n<p style=\"text-align: justify;\" data-path-to-node=\"5\">O servi\u00e7o funciona de ter\u00e7a a sexta-feira, das 12h \u00e0s 21h, e aos s\u00e1bados, das 8h \u00e0s 17h. A unidade est\u00e1 localizada na Rua Benedita Maria Barbosa, 132, no Jardim Maia, em Guarulhos.<\/p>\n<p style=\"text-align: right;\" data-path-to-node=\"6\"><em>Foto: N\u00edcollas Ornelas\/PMG<\/em><\/p>\n<\/div>\n","protected":false},"excerpt":{"rendered":"<p>A Prefeitura de Guarulhos e o Governo do Estado de S\u00e3o Paulo inauguraram no Jardim Maia o Espa\u00e7o Prevenir, um servi\u00e7o voltado \u00e0 preven\u00e7\u00e3o do uso de drogas e ao fortalecimento de v\u00ednculos familiares. A iniciativa foca na prote\u00e7\u00e3o de crian\u00e7as, adolescentes e suas fam\u00edlias, atuando tanto na preven\u00e7\u00e3o quanto no cuidado de comunidades impactadas [&hellip;]<\/p>\n","protected":false},"author":1,"featured_media":28497,"comment_status":"open","ping_status":"open","sticky":false,"template":"","format":"standard","meta":{"footnotes":""},"categories":[3,11],"tags":[],"class_list":{"0":"post-28496","1":"post","2":"type-post","3":"status-publish","4":"format-standard","5":"has-post-thumbnail","7":"category-guarulhos","8":"category-saude"},"_links":{"self":[{"href":"https:\/\/jm-metropole.com.br\/site\/wp-json\/wp\/v2\/posts\/28496","targetHints":{"allow":["GET"]}}],"collection":[{"href":"https:\/\/jm-metropole.com.br\/site\/wp-json\/wp\/v2\/posts"}],"about":[{"href":"https:\/\/jm-metropole.com.br\/site\/wp-json\/wp\/v2\/types\/post"}],"author":[{"embeddable":true,"href":"https:\/\/jm-metropole.com.br\/site\/wp-json\/wp\/v2\/users\/1"}],"replies":[{"embeddable":true,"href":"https:\/\/jm-metropole.com.br\/site\/wp-json\/wp\/v2\/comments?post=28496"}],"version-history":[{"count":1,"href":"https:\/\/jm-metropole.com.br\/site\/wp-json\/wp\/v2\/posts\/28496\/revisions"}],"predecessor-version":[{"id":28498,"href":"https:\/\/jm-metropole.com.br\/site\/wp-json\/wp\/v2\/posts\/28496\/revisions\/28498"}],"wp:featuredmedia":[{"embeddable":true,"href":"https:\/\/jm-metropole.com.br\/site\/wp-json\/wp\/v2\/media\/28497"}],"wp:attachment":[{"href":"https:\/\/jm-metropole.com.br\/site\/wp-json\/wp\/v2\/media?parent=28496"}],"wp:term":[{"taxonomy":"category","embeddable":true,"href":"https:\/\/jm-metropole.com.br\/site\/wp-json\/wp\/v2\/categories?post=28496"},{"taxonomy":"post_tag","embeddable":true,"href":"https:\/\/jm-metropole.com.br\/site\/wp-json\/wp\/v2\/tags?post=28496"}],"curies":[{"name":"wp","href":"https:\/\/api.w.org\/{rel}","templated":true}]}}