{"id":28492,"date":"2026-01-12T20:40:48","date_gmt":"2026-01-12T23:40:48","guid":{"rendered":"https:\/\/jm-metropole.com.br\/site\/?p=28492"},"modified":"2026-01-12T20:41:36","modified_gmt":"2026-01-12T23:41:36","slug":"pm-prende-grupo-suspeito-furtos","status":"publish","type":"post","link":"https:\/\/jm-metropole.com.br\/site\/pm-prende-grupo-suspeito-furtos\/","title":{"rendered":"POL\u00cdCIA MILITAR PRENDE EM SANTA ISABEL GRUPO SUSPEITO DE FURTOS EM S\u00c9RIE NA REGI\u00c3O"},"content":{"rendered":"<p style=\"text-align: justify;\" data-path-to-node=\"1\">A Pol\u00edcia Militar prendeu em flagrante, na segunda-feira (12), tr\u00eas homens suspeitos de integrar um grupo especializado em furtos residenciais na regi\u00e3o. A pris\u00e3o ocorreu em Santa Isabel, pouco tempo ap\u00f3s o trio invadir uma casa na Rua Amap\u00e1, no munic\u00edpio de Aruj\u00e1.<\/p>\n<p style=\"text-align: justify;\" data-path-to-node=\"2\">A captura foi realizada gra\u00e7as \u00e0 integra\u00e7\u00e3o entre as equipes policiais das duas cidades, que monitoraram o trajeto de um ve\u00edculo Fiat Mobi branco utilizado na fuga. O autom\u00f3vel foi localizado na Avenida Rep\u00fablica e interceptado na Rua Monte Serrat, ap\u00f3s uma tentativa frustrada de evas\u00e3o por parte dos ocupantes.<\/p>\n<p style=\"text-align: justify;\" data-path-to-node=\"3\">Com os suspeitos, foram apreendidos dois iPhones, um aparelho Samsung, joias de ouro, oito cart\u00f5es de cr\u00e9dito e R$ 905,00 em dinheiro. Al\u00e9m dos pertences das v\u00edtimas, os policiais encontraram ferramentas de arrombamento, como chaves de fenda e um alicate de press\u00e3o. No momento da abordagem, um dos envolvidos tentou descartar parte dos objetos furtados para evitar o flagrante.<\/p>\n<p style=\"text-align: justify;\" data-path-to-node=\"4\">Em depoimento informal, os detidos detalharam a organiza\u00e7\u00e3o do grupo, que contava com motorista, um respons\u00e1vel pelo arrombamento e um encarregado de recolher os bens. Ap\u00f3s a chegada \u00e0 delegacia, outras v\u00edtimas de furtos ocorridos anteriormente na regi\u00e3o reconheceram os suspeitos e o ve\u00edculo, indicando a recorr\u00eancia dos crimes na \u00e1rea.<\/p>\n<p style=\"text-align: justify;\" data-path-to-node=\"5\">O caso foi apresentado ao delegado Rog\u00e9rio Alves de Oliveira no Distrito Policial de Santa Isabel. Os homens foram autuados em flagrante por furto consumado e seguem custodiados \u00e0 disposi\u00e7\u00e3o do Poder Judici\u00e1rio. A Pol\u00edcia Civil solicitou per\u00edcia t\u00e9cnica na resid\u00eancia invadida em Aruj\u00e1 para colher provas que ir\u00e3o compor o inqu\u00e9rito.<\/p>\n","protected":false},"excerpt":{"rendered":"<p>A Pol\u00edcia Militar prendeu em flagrante, na segunda-feira (12), tr\u00eas homens suspeitos de integrar um grupo especializado em furtos residenciais na regi\u00e3o. A pris\u00e3o ocorreu em Santa Isabel, pouco tempo ap\u00f3s o trio invadir uma casa na Rua Amap\u00e1, no munic\u00edpio de Aruj\u00e1. A captura foi realizada gra\u00e7as \u00e0 integra\u00e7\u00e3o entre as equipes policiais das [&hellip;]<\/p>\n","protected":false},"author":1,"featured_media":28493,"comment_status":"open","ping_status":"open","sticky":false,"template":"","format":"standard","meta":{"footnotes":""},"categories":[5,16],"tags":[],"class_list":{"0":"post-28492","1":"post","2":"type-post","3":"status-publish","4":"format-standard","5":"has-post-thumbnail","7":"category-santa-isabel","8":"category-seguranca"},"_links":{"self":[{"href":"https:\/\/jm-metropole.com.br\/site\/wp-json\/wp\/v2\/posts\/28492","targetHints":{"allow":["GET"]}}],"collection":[{"href":"https:\/\/jm-metropole.com.br\/site\/wp-json\/wp\/v2\/posts"}],"about":[{"href":"https:\/\/jm-metropole.com.br\/site\/wp-json\/wp\/v2\/types\/post"}],"author":[{"embeddable":true,"href":"https:\/\/jm-metropole.com.br\/site\/wp-json\/wp\/v2\/users\/1"}],"replies":[{"embeddable":true,"href":"https:\/\/jm-metropole.com.br\/site\/wp-json\/wp\/v2\/comments?post=28492"}],"version-history":[{"count":2,"href":"https:\/\/jm-metropole.com.br\/site\/wp-json\/wp\/v2\/posts\/28492\/revisions"}],"predecessor-version":[{"id":28495,"href":"https:\/\/jm-metropole.com.br\/site\/wp-json\/wp\/v2\/posts\/28492\/revisions\/28495"}],"wp:featuredmedia":[{"embeddable":true,"href":"https:\/\/jm-metropole.com.br\/site\/wp-json\/wp\/v2\/media\/28493"}],"wp:attachment":[{"href":"https:\/\/jm-metropole.com.br\/site\/wp-json\/wp\/v2\/media?parent=28492"}],"wp:term":[{"taxonomy":"category","embeddable":true,"href":"https:\/\/jm-metropole.com.br\/site\/wp-json\/wp\/v2\/categories?post=28492"},{"taxonomy":"post_tag","embeddable":true,"href":"https:\/\/jm-metropole.com.br\/site\/wp-json\/wp\/v2\/tags?post=28492"}],"curies":[{"name":"wp","href":"https:\/\/api.w.org\/{rel}","templated":true}]}}