{"id":28488,"date":"2026-01-09T15:15:51","date_gmt":"2026-01-09T18:15:51","guid":{"rendered":"https:\/\/jm-metropole.com.br\/site\/?p=28488"},"modified":"2026-01-09T15:15:51","modified_gmt":"2026-01-09T18:15:51","slug":"gcm-de-santa-isabel-e-canil-de-suzano-realizam-treinamento-e-operacao-conjunta","status":"publish","type":"post","link":"https:\/\/jm-metropole.com.br\/site\/gcm-de-santa-isabel-e-canil-de-suzano-realizam-treinamento-e-operacao-conjunta\/","title":{"rendered":"GCM DE SANTA ISABEL E CANIL DE SUZANO REALIZAM TREINAMENTO E OPERA\u00c7\u00c3O CONJUNTA"},"content":{"rendered":"<div id=\"model-response-message-contentr_c26b232acaf1c163\" class=\"markdown markdown-main-panel stronger enable-updated-hr-color\" dir=\"ltr\" aria-live=\"polite\" aria-busy=\"false\">\n<p style=\"text-align: justify;\" data-path-to-node=\"1\">A Guarda Civil Municipal de Santa Isabel realizou, no \u00faltimo dia 7 de janeiro, uma atividade de treinamento especializado e uma opera\u00e7\u00e3o conjunta em parceria com o Canil da GCM de Suzano. A iniciativa visou o fortalecimento da seguran\u00e7a p\u00fablica no munic\u00edpio e promoveu o interc\u00e2mbio de t\u00e9cnicas operacionais entre as duas corpora\u00e7\u00f5es.<\/p>\n<p style=\"text-align: justify;\" data-path-to-node=\"2\"><img loading=\"lazy\" decoding=\"async\" class=\"alignright size-medium wp-image-28489\" src=\"https:\/\/jm-metropole.com.br\/site\/wp-content\/uploads\/2026\/01\/WhatsApp-Image-2026-01-09-at-15.12.47-240x300.jpeg\" alt=\"\" width=\"240\" height=\"300\" srcset=\"https:\/\/jm-metropole.com.br\/site\/wp-content\/uploads\/2026\/01\/WhatsApp-Image-2026-01-09-at-15.12.47-240x300.jpeg 240w, https:\/\/jm-metropole.com.br\/site\/wp-content\/uploads\/2026\/01\/WhatsApp-Image-2026-01-09-at-15.12.47-819x1024.jpeg 819w, https:\/\/jm-metropole.com.br\/site\/wp-content\/uploads\/2026\/01\/WhatsApp-Image-2026-01-09-at-15.12.47-768x960.jpeg 768w, https:\/\/jm-metropole.com.br\/site\/wp-content\/uploads\/2026\/01\/WhatsApp-Image-2026-01-09-at-15.12.47-150x188.jpeg 150w, https:\/\/jm-metropole.com.br\/site\/wp-content\/uploads\/2026\/01\/WhatsApp-Image-2026-01-09-at-15.12.47-300x375.jpeg 300w, https:\/\/jm-metropole.com.br\/site\/wp-content\/uploads\/2026\/01\/WhatsApp-Image-2026-01-09-at-15.12.47-600x750.jpeg 600w, https:\/\/jm-metropole.com.br\/site\/wp-content\/uploads\/2026\/01\/WhatsApp-Image-2026-01-09-at-15.12.47-696x870.jpeg 696w, https:\/\/jm-metropole.com.br\/site\/wp-content\/uploads\/2026\/01\/WhatsApp-Image-2026-01-09-at-15.12.47-1068x1335.jpeg 1068w, https:\/\/jm-metropole.com.br\/site\/wp-content\/uploads\/2026\/01\/WhatsApp-Image-2026-01-09-at-15.12.47-336x420.jpeg 336w, https:\/\/jm-metropole.com.br\/site\/wp-content\/uploads\/2026\/01\/WhatsApp-Image-2026-01-09-at-15.12.47-672x840.jpeg 672w, https:\/\/jm-metropole.com.br\/site\/wp-content\/uploads\/2026\/01\/WhatsApp-Image-2026-01-09-at-15.12.47.jpeg 1080w\" sizes=\"auto, (max-width: 240px) 100vw, 240px\" \/>Durante o per\u00edodo da manh\u00e3, os agentes de Suzano, acompanhados pelo c\u00e3o policial K9 Demon, ministraram instru\u00e7\u00f5es t\u00e9cnicas para os guardas isabelenses. O treinamento focou no aperfei\u00e7oamento de abordagens, atualiza\u00e7\u00e3o de protocolos de seguran\u00e7a e no aumento da efici\u00eancia das equipes durante o patrulhamento preventivo e repressivo.<\/p>\n<p style=\"text-align: justify;\" data-path-to-node=\"3\">No per\u00edodo da tarde, as equipes realizaram uma opera\u00e7\u00e3o conjunta que percorreu diversas regi\u00f5es de Santa Isabel. O patrulhamento foi intensificado especialmente no bairro Jardim Eldorado, com o objetivo de elevar a seguran\u00e7a de moradores e comerciantes locais por meio de abordagens estrat\u00e9gicas e presen\u00e7a ostensiva.<\/p>\n<p style=\"text-align: justify;\" data-path-to-node=\"4\">A administra\u00e7\u00e3o municipal de Santa Isabel destacou que a integra\u00e7\u00e3o entre as cidades vizinhas \u00e9 uma estrat\u00e9gia importante para o enfrentamento da criminalidade e para a valoriza\u00e7\u00e3o dos profissionais de seguran\u00e7a. A colabora\u00e7\u00e3o do grupamento especializado de Suzano trouxe suporte t\u00e1tico para as a\u00e7\u00f5es realizadas no munic\u00edpio ao longo do dia.<\/p>\n<p style=\"text-align: justify;\" data-path-to-node=\"5\">A Prefeitura de Santa Isabel agradeceu \u00e0 Secretaria de Seguran\u00e7a e ao comando da GCM de Suzano pela parceria e pela prontid\u00e3o em colaborar com as a\u00e7\u00f5es voltadas \u00e0 prote\u00e7\u00e3o da popula\u00e7\u00e3o isabelense.<\/p>\n<\/div>\n","protected":false},"excerpt":{"rendered":"<p>A Guarda Civil Municipal de Santa Isabel realizou, no \u00faltimo dia 7 de janeiro, uma atividade de treinamento especializado e uma opera\u00e7\u00e3o conjunta em parceria com o Canil da GCM de Suzano. A iniciativa visou o fortalecimento da seguran\u00e7a p\u00fablica no munic\u00edpio e promoveu o interc\u00e2mbio de t\u00e9cnicas operacionais entre as duas corpora\u00e7\u00f5es. Durante o [&hellip;]<\/p>\n","protected":false},"author":1,"featured_media":28490,"comment_status":"open","ping_status":"open","sticky":false,"template":"","format":"standard","meta":{"footnotes":""},"categories":[2,5,16,9],"tags":[],"class_list":{"0":"post-28488","1":"post","2":"type-post","3":"status-publish","4":"format-standard","5":"has-post-thumbnail","7":"category-cidades","8":"category-santa-isabel","9":"category-seguranca","10":"category-suzano"},"_links":{"self":[{"href":"https:\/\/jm-metropole.com.br\/site\/wp-json\/wp\/v2\/posts\/28488","targetHints":{"allow":["GET"]}}],"collection":[{"href":"https:\/\/jm-metropole.com.br\/site\/wp-json\/wp\/v2\/posts"}],"about":[{"href":"https:\/\/jm-metropole.com.br\/site\/wp-json\/wp\/v2\/types\/post"}],"author":[{"embeddable":true,"href":"https:\/\/jm-metropole.com.br\/site\/wp-json\/wp\/v2\/users\/1"}],"replies":[{"embeddable":true,"href":"https:\/\/jm-metropole.com.br\/site\/wp-json\/wp\/v2\/comments?post=28488"}],"version-history":[{"count":1,"href":"https:\/\/jm-metropole.com.br\/site\/wp-json\/wp\/v2\/posts\/28488\/revisions"}],"predecessor-version":[{"id":28491,"href":"https:\/\/jm-metropole.com.br\/site\/wp-json\/wp\/v2\/posts\/28488\/revisions\/28491"}],"wp:featuredmedia":[{"embeddable":true,"href":"https:\/\/jm-metropole.com.br\/site\/wp-json\/wp\/v2\/media\/28490"}],"wp:attachment":[{"href":"https:\/\/jm-metropole.com.br\/site\/wp-json\/wp\/v2\/media?parent=28488"}],"wp:term":[{"taxonomy":"category","embeddable":true,"href":"https:\/\/jm-metropole.com.br\/site\/wp-json\/wp\/v2\/categories?post=28488"},{"taxonomy":"post_tag","embeddable":true,"href":"https:\/\/jm-metropole.com.br\/site\/wp-json\/wp\/v2\/tags?post=28488"}],"curies":[{"name":"wp","href":"https:\/\/api.w.org\/{rel}","templated":true}]}}