{"id":28482,"date":"2026-01-09T14:46:24","date_gmt":"2026-01-09T17:46:24","guid":{"rendered":"https:\/\/jm-metropole.com.br\/site\/?p=28482"},"modified":"2026-01-09T14:46:24","modified_gmt":"2026-01-09T17:46:24","slug":"ano-letivo-de-2026-em-santa-isabel-comeca-no-dia-10-de-fevereiro","status":"publish","type":"post","link":"https:\/\/jm-metropole.com.br\/site\/ano-letivo-de-2026-em-santa-isabel-comeca-no-dia-10-de-fevereiro\/","title":{"rendered":"ANO LETIVO DE 2026 EM SANTA ISABEL COME\u00c7A NO DIA 10 DE FEVEREIRO"},"content":{"rendered":"<div id=\"model-response-message-contentr_d4ac41937cef25e0\" class=\"markdown markdown-main-panel stronger enable-updated-hr-color\" dir=\"ltr\" aria-live=\"polite\" aria-busy=\"false\">\n<p style=\"text-align: justify;\" data-path-to-node=\"1\">A Prefeitura de Santa Isabel, por meio da Secretaria Municipal de Educa\u00e7\u00e3o, confirmou que o ano letivo de 2026 ter\u00e1 in\u00edcio no dia 10 de fevereiro. O retorno \u00e0s aulas nas unidades escolares municipais ocorrer\u00e1 em uma ter\u00e7a-feira, marcando a retomada das atividades para milhares de alunos da rede p\u00fablica da cidade.<\/p>\n<p style=\"text-align: justify;\" data-path-to-node=\"2\">As unidades de ensino est\u00e3o finalizando os preparativos para o acolhimento dos estudantes. Segundo a Secretaria de Educa\u00e7\u00e3o, o planejamento pedag\u00f3gico e a organiza\u00e7\u00e3o dos ambientes escolares foram realizados previamente para assegurar o atendimento adequado e a seguran\u00e7a dos alunos e profissionais. O foco das equipes escolares est\u00e1 no desenvolvimento educacional e na cria\u00e7\u00e3o de um ambiente seguro e estimulante para o aprendizado.<\/p>\n<p style=\"text-align: justify;\" data-path-to-node=\"3\">A administra\u00e7\u00e3o municipal ressalta que o in\u00edcio do ciclo escolar \u00e9 acompanhado por um trabalho voltado ao fortalecimento do v\u00ednculo entre a escola e a comunidade. O objetivo \u00e9 promover o desenvolvimento das crian\u00e7as isabelenses atrav\u00e9s de uma rotina estruturada de estudos e atividades pedag\u00f3gicas.<\/p>\n<p style=\"text-align: justify;\" data-path-to-node=\"4\">A prefeitura tamb\u00e9m orienta os pais e respons\u00e1veis sobre a import\u00e2ncia do acompanhamento da vida escolar desde os primeiros dias, incentivando a frequ\u00eancia dos alunos e o comprometimento com o cronograma estabelecido. Para este ano, as atividades foram planejadas para garantir o avan\u00e7o pedag\u00f3gico e a integra\u00e7\u00e3o dos estudantes aos novos conte\u00fados propostos.<\/p>\n<\/div>\n<p style=\"text-align: right;\" data-path-to-node=\"4\"><em>Foto: Prefeitura de Santa Isabel, SP<\/em><\/p>\n","protected":false},"excerpt":{"rendered":"<p>A Prefeitura de Santa Isabel, por meio da Secretaria Municipal de Educa\u00e7\u00e3o, confirmou que o ano letivo de 2026 ter\u00e1 in\u00edcio no dia 10 de fevereiro. O retorno \u00e0s aulas nas unidades escolares municipais ocorrer\u00e1 em uma ter\u00e7a-feira, marcando a retomada das atividades para milhares de alunos da rede p\u00fablica da cidade. As unidades de [&hellip;]<\/p>\n","protected":false},"author":1,"featured_media":28486,"comment_status":"open","ping_status":"open","sticky":false,"template":"","format":"standard","meta":{"footnotes":""},"categories":[14,5],"tags":[],"class_list":{"0":"post-28482","1":"post","2":"type-post","3":"status-publish","4":"format-standard","5":"has-post-thumbnail","7":"category-educacao","8":"category-santa-isabel"},"_links":{"self":[{"href":"https:\/\/jm-metropole.com.br\/site\/wp-json\/wp\/v2\/posts\/28482","targetHints":{"allow":["GET"]}}],"collection":[{"href":"https:\/\/jm-metropole.com.br\/site\/wp-json\/wp\/v2\/posts"}],"about":[{"href":"https:\/\/jm-metropole.com.br\/site\/wp-json\/wp\/v2\/types\/post"}],"author":[{"embeddable":true,"href":"https:\/\/jm-metropole.com.br\/site\/wp-json\/wp\/v2\/users\/1"}],"replies":[{"embeddable":true,"href":"https:\/\/jm-metropole.com.br\/site\/wp-json\/wp\/v2\/comments?post=28482"}],"version-history":[{"count":1,"href":"https:\/\/jm-metropole.com.br\/site\/wp-json\/wp\/v2\/posts\/28482\/revisions"}],"predecessor-version":[{"id":28487,"href":"https:\/\/jm-metropole.com.br\/site\/wp-json\/wp\/v2\/posts\/28482\/revisions\/28487"}],"wp:featuredmedia":[{"embeddable":true,"href":"https:\/\/jm-metropole.com.br\/site\/wp-json\/wp\/v2\/media\/28486"}],"wp:attachment":[{"href":"https:\/\/jm-metropole.com.br\/site\/wp-json\/wp\/v2\/media?parent=28482"}],"wp:term":[{"taxonomy":"category","embeddable":true,"href":"https:\/\/jm-metropole.com.br\/site\/wp-json\/wp\/v2\/categories?post=28482"},{"taxonomy":"post_tag","embeddable":true,"href":"https:\/\/jm-metropole.com.br\/site\/wp-json\/wp\/v2\/tags?post=28482"}],"curies":[{"name":"wp","href":"https:\/\/api.w.org\/{rel}","templated":true}]}}