{"id":28473,"date":"2026-01-09T14:39:43","date_gmt":"2026-01-09T17:39:43","guid":{"rendered":"https:\/\/jm-metropole.com.br\/site\/?p=28473"},"modified":"2026-01-09T14:39:43","modified_gmt":"2026-01-09T17:39:43","slug":"fundo-social-de-aruja-oferece-capacitacao-para-producao-de-pecas-em-resina","status":"publish","type":"post","link":"https:\/\/jm-metropole.com.br\/site\/fundo-social-de-aruja-oferece-capacitacao-para-producao-de-pecas-em-resina\/","title":{"rendered":"FUNDO SOCIAL DE ARUJ\u00c1 OFERECE CAPACITA\u00c7\u00c3O PARA PRODU\u00c7\u00c3O DE PE\u00c7AS EM RESINA"},"content":{"rendered":"<div id=\"model-response-message-contentr_ba1d3d911124c332\" class=\"markdown markdown-main-panel stronger enable-updated-hr-color\" dir=\"ltr\" aria-live=\"polite\" aria-busy=\"false\">\n<p style=\"text-align: justify;\" data-path-to-node=\"1\">O Fundo Social de Solidariedade de Aruj\u00e1 est\u00e1 com inscri\u00e7\u00f5es abertas para um curso de capacita\u00e7\u00e3o focado na produ\u00e7\u00e3o de pe\u00e7as em resina. A iniciativa visa proporcionar qualifica\u00e7\u00e3o profissional aos moradores da cidade, com o objetivo de incentivar a gera\u00e7\u00e3o de renda por meio do artesanato t\u00e9cnico.<\/p>\n<p style=\"text-align: justify;\" data-path-to-node=\"2\">As aulas est\u00e3o programadas para ocorrer nos dias 27 e 28 de janeiro, das 13h \u00e0s 17h. O curso \u00e9 destinado exclusivamente para pessoas maiores de 18 anos interessadas em aprender as t\u00e9cnicas de manuseio e cria\u00e7\u00e3o com o material, que possui mercado crescente na \u00e1rea de decora\u00e7\u00e3o e acess\u00f3rios.<\/p>\n<p style=\"text-align: justify;\" data-path-to-node=\"3\">As inscri\u00e7\u00f5es devem ser realizadas de forma presencial na sede do Fundo Social de Solidariedade, localizada na Avenida Amazonas, 743, no bairro Arujam\u00e9rica. O hor\u00e1rio de atendimento para o cadastro \u00e9 das 8h \u00e0s 12h e das 13h \u00e0s 17h. No ato da inscri\u00e7\u00e3o, o candidato deve apresentar c\u00f3pias do documento de identidade com foto e do comprovante de endere\u00e7o.<\/p>\n<p style=\"text-align: justify;\" data-path-to-node=\"4\">As vagas s\u00e3o limitadas a 15 participantes e as inscri\u00e7\u00f5es ser\u00e3o encerradas assim que o limite total for preenchido. De acordo com a administra\u00e7\u00e3o municipal, o projeto refor\u00e7a o compromisso de oferecer ferramentas de autonomia financeira para a popula\u00e7\u00e3o. Mais informa\u00e7\u00f5es sobre o cronograma e futuras turmas podem ser obtidas pelo telefone (11) 4651-4097.<\/p>\n<p style=\"text-align: center;\" data-path-to-node=\"4\"><img loading=\"lazy\" decoding=\"async\" class=\"aligncenter size-large wp-image-28474\" src=\"https:\/\/jm-metropole.com.br\/site\/wp-content\/uploads\/2026\/01\/WhatsApp-Image-2026-01-08-at-22.42.08-768x1024.jpeg\" alt=\"\" width=\"696\" height=\"928\" srcset=\"https:\/\/jm-metropole.com.br\/site\/wp-content\/uploads\/2026\/01\/WhatsApp-Image-2026-01-08-at-22.42.08-768x1024.jpeg 768w, https:\/\/jm-metropole.com.br\/site\/wp-content\/uploads\/2026\/01\/WhatsApp-Image-2026-01-08-at-22.42.08-225x300.jpeg 225w, https:\/\/jm-metropole.com.br\/site\/wp-content\/uploads\/2026\/01\/WhatsApp-Image-2026-01-08-at-22.42.08-150x200.jpeg 150w, https:\/\/jm-metropole.com.br\/site\/wp-content\/uploads\/2026\/01\/WhatsApp-Image-2026-01-08-at-22.42.08-300x400.jpeg 300w, https:\/\/jm-metropole.com.br\/site\/wp-content\/uploads\/2026\/01\/WhatsApp-Image-2026-01-08-at-22.42.08-600x800.jpeg 600w, https:\/\/jm-metropole.com.br\/site\/wp-content\/uploads\/2026\/01\/WhatsApp-Image-2026-01-08-at-22.42.08-696x928.jpeg 696w, https:\/\/jm-metropole.com.br\/site\/wp-content\/uploads\/2026\/01\/WhatsApp-Image-2026-01-08-at-22.42.08-315x420.jpeg 315w, https:\/\/jm-metropole.com.br\/site\/wp-content\/uploads\/2026\/01\/WhatsApp-Image-2026-01-08-at-22.42.08-630x840.jpeg 630w, https:\/\/jm-metropole.com.br\/site\/wp-content\/uploads\/2026\/01\/WhatsApp-Image-2026-01-08-at-22.42.08.jpeg 886w\" sizes=\"auto, (max-width: 696px) 100vw, 696px\" \/><\/p>\n<\/div>\n","protected":false},"excerpt":{"rendered":"<p>O Fundo Social de Solidariedade de Aruj\u00e1 est\u00e1 com inscri\u00e7\u00f5es abertas para um curso de capacita\u00e7\u00e3o focado na produ\u00e7\u00e3o de pe\u00e7as em resina. A iniciativa visa proporcionar qualifica\u00e7\u00e3o profissional aos moradores da cidade, com o objetivo de incentivar a gera\u00e7\u00e3o de renda por meio do artesanato t\u00e9cnico. As aulas est\u00e3o programadas para ocorrer nos dias [&hellip;]<\/p>\n","protected":false},"author":1,"featured_media":28476,"comment_status":"open","ping_status":"open","sticky":false,"template":"","format":"standard","meta":{"footnotes":""},"categories":[4,13,20],"tags":[],"class_list":{"0":"post-28473","1":"post","2":"type-post","3":"status-publish","4":"format-standard","5":"has-post-thumbnail","7":"category-aruja","8":"category-cultura","9":"category-trabalho-e-emprego"},"_links":{"self":[{"href":"https:\/\/jm-metropole.com.br\/site\/wp-json\/wp\/v2\/posts\/28473","targetHints":{"allow":["GET"]}}],"collection":[{"href":"https:\/\/jm-metropole.com.br\/site\/wp-json\/wp\/v2\/posts"}],"about":[{"href":"https:\/\/jm-metropole.com.br\/site\/wp-json\/wp\/v2\/types\/post"}],"author":[{"embeddable":true,"href":"https:\/\/jm-metropole.com.br\/site\/wp-json\/wp\/v2\/users\/1"}],"replies":[{"embeddable":true,"href":"https:\/\/jm-metropole.com.br\/site\/wp-json\/wp\/v2\/comments?post=28473"}],"version-history":[{"count":1,"href":"https:\/\/jm-metropole.com.br\/site\/wp-json\/wp\/v2\/posts\/28473\/revisions"}],"predecessor-version":[{"id":28477,"href":"https:\/\/jm-metropole.com.br\/site\/wp-json\/wp\/v2\/posts\/28473\/revisions\/28477"}],"wp:featuredmedia":[{"embeddable":true,"href":"https:\/\/jm-metropole.com.br\/site\/wp-json\/wp\/v2\/media\/28476"}],"wp:attachment":[{"href":"https:\/\/jm-metropole.com.br\/site\/wp-json\/wp\/v2\/media?parent=28473"}],"wp:term":[{"taxonomy":"category","embeddable":true,"href":"https:\/\/jm-metropole.com.br\/site\/wp-json\/wp\/v2\/categories?post=28473"},{"taxonomy":"post_tag","embeddable":true,"href":"https:\/\/jm-metropole.com.br\/site\/wp-json\/wp\/v2\/tags?post=28473"}],"curies":[{"name":"wp","href":"https:\/\/api.w.org\/{rel}","templated":true}]}}