{"id":28467,"date":"2026-01-09T14:29:50","date_gmt":"2026-01-09T17:29:50","guid":{"rendered":"https:\/\/jm-metropole.com.br\/site\/?p=28467"},"modified":"2026-01-09T14:29:50","modified_gmt":"2026-01-09T17:29:50","slug":"orquestra-municipal-de-santa-isabel-abre-inscricoes-e-rematriculas","status":"publish","type":"post","link":"https:\/\/jm-metropole.com.br\/site\/orquestra-municipal-de-santa-isabel-abre-inscricoes-e-rematriculas\/","title":{"rendered":"ORQUESTRA MUNICIPAL DE SANTA ISABEL ABRE INSCRI\u00c7\u00d5ES E REMATR\u00cdCULAS"},"content":{"rendered":"<div id=\"model-response-message-contentr_bda4736d22f7029f\" class=\"markdown markdown-main-panel stronger enable-updated-hr-color\" dir=\"ltr\" aria-live=\"polite\" aria-busy=\"false\">\n<p style=\"text-align: justify;\" data-path-to-node=\"1\">A Orquestra Municipal de Santa Isabel anunciou a abertura do per\u00edodo de inscri\u00e7\u00f5es para novos alunos e de rematr\u00edculas para os atuais integrantes do projeto. A iniciativa oferece forma\u00e7\u00e3o musical gratuita para crian\u00e7as e jovens da cidade, abrangendo uma variedade de instrumentos e vertentes art\u00edsticas.<\/p>\n<p style=\"text-align: justify;\" data-path-to-node=\"2\">As vagas dispon\u00edveis contemplam aulas de trompete, trombone, tuba, euf\u00f4nio, flugelhorn, trompa, percuss\u00e3o, clarinete, saxofone (nos tipos alto, soprano, tenor e bar\u00edtono), flauta transversal, flauta doce, canto coral, corpo coreogr\u00e1fico e viola caipira.<\/p>\n<p style=\"text-align: justify;\" data-path-to-node=\"3\">O projeto atende diferentes faixas et\u00e1rias. Para a musicaliza\u00e7\u00e3o infantil com flauta doce, podem ser inscritas crian\u00e7as a partir dos 4 anos de idade. Para os demais cursos e instrumentos, a idade m\u00ednima exigida \u00e9 de 8 anos.<\/p>\n<p style=\"text-align: justify;\" data-path-to-node=\"4\">Os interessados devem comparecer \u00e0 sede da Orquestra Municipal, localizada na Pra\u00e7a dos Expedicion\u00e1rios, n\u00famero 09, no Centro, ao lado da Delegacia. O atendimento ocorre de segunda a sexta-feira, no hor\u00e1rio das 9h \u00e0s 17h. No ato da inscri\u00e7\u00e3o, \u00e9 necess\u00e1rio apresentar os documentos de identifica\u00e7\u00e3o do aluno e do respons\u00e1vel legal, al\u00e9m de um comprovante de endere\u00e7o.<\/p>\n<p style=\"text-align: justify;\" data-path-to-node=\"5\">Reconhecida nacionalmente por seu desempenho art\u00edstico em competi\u00e7\u00f5es, a Orquestra Municipal de Santa Isabel mant\u00e9m o foco na forma\u00e7\u00e3o t\u00e9cnica e no desenvolvimento social dos estudantes, trabalhando aspectos como disciplina e trabalho em equipe atrav\u00e9s da pr\u00e1tica musical.<\/p>\n<\/div>\n","protected":false},"excerpt":{"rendered":"<p>A Orquestra Municipal de Santa Isabel anunciou a abertura do per\u00edodo de inscri\u00e7\u00f5es para novos alunos e de rematr\u00edculas para os atuais integrantes do projeto. A iniciativa oferece forma\u00e7\u00e3o musical gratuita para crian\u00e7as e jovens da cidade, abrangendo uma variedade de instrumentos e vertentes art\u00edsticas. As vagas dispon\u00edveis contemplam aulas de trompete, trombone, tuba, euf\u00f4nio, [&hellip;]<\/p>\n","protected":false},"author":1,"featured_media":28468,"comment_status":"open","ping_status":"open","sticky":false,"template":"","format":"standard","meta":{"footnotes":""},"categories":[13,5],"tags":[],"class_list":{"0":"post-28467","1":"post","2":"type-post","3":"status-publish","4":"format-standard","5":"has-post-thumbnail","7":"category-cultura","8":"category-santa-isabel"},"_links":{"self":[{"href":"https:\/\/jm-metropole.com.br\/site\/wp-json\/wp\/v2\/posts\/28467","targetHints":{"allow":["GET"]}}],"collection":[{"href":"https:\/\/jm-metropole.com.br\/site\/wp-json\/wp\/v2\/posts"}],"about":[{"href":"https:\/\/jm-metropole.com.br\/site\/wp-json\/wp\/v2\/types\/post"}],"author":[{"embeddable":true,"href":"https:\/\/jm-metropole.com.br\/site\/wp-json\/wp\/v2\/users\/1"}],"replies":[{"embeddable":true,"href":"https:\/\/jm-metropole.com.br\/site\/wp-json\/wp\/v2\/comments?post=28467"}],"version-history":[{"count":1,"href":"https:\/\/jm-metropole.com.br\/site\/wp-json\/wp\/v2\/posts\/28467\/revisions"}],"predecessor-version":[{"id":28469,"href":"https:\/\/jm-metropole.com.br\/site\/wp-json\/wp\/v2\/posts\/28467\/revisions\/28469"}],"wp:featuredmedia":[{"embeddable":true,"href":"https:\/\/jm-metropole.com.br\/site\/wp-json\/wp\/v2\/media\/28468"}],"wp:attachment":[{"href":"https:\/\/jm-metropole.com.br\/site\/wp-json\/wp\/v2\/media?parent=28467"}],"wp:term":[{"taxonomy":"category","embeddable":true,"href":"https:\/\/jm-metropole.com.br\/site\/wp-json\/wp\/v2\/categories?post=28467"},{"taxonomy":"post_tag","embeddable":true,"href":"https:\/\/jm-metropole.com.br\/site\/wp-json\/wp\/v2\/tags?post=28467"}],"curies":[{"name":"wp","href":"https:\/\/api.w.org\/{rel}","templated":true}]}}