{"id":28462,"date":"2026-01-09T14:17:38","date_gmt":"2026-01-09T17:17:38","guid":{"rendered":"https:\/\/jm-metropole.com.br\/site\/?p=28462"},"modified":"2026-01-09T14:17:38","modified_gmt":"2026-01-09T17:17:38","slug":"guararema-se-consolida-como-opcao-de-roteiro-familiar-durante-as-ferias-escolares","status":"publish","type":"post","link":"https:\/\/jm-metropole.com.br\/site\/guararema-se-consolida-como-opcao-de-roteiro-familiar-durante-as-ferias-escolares\/","title":{"rendered":"GUARAREMA SE CONSOLIDA COMO OP\u00c7\u00c3O DE ROTEIRO FAMILIAR DURANTE AS F\u00c9RIAS ESCOLARES"},"content":{"rendered":"<div id=\"model-response-message-contentr_7cd3f497f9de99c1\" class=\"markdown markdown-main-panel stronger enable-updated-hr-color\" dir=\"ltr\" aria-live=\"polite\" aria-busy=\"false\">\n<p style=\"text-align: justify;\" data-path-to-node=\"1\">Durante o per\u00edodo de f\u00e9rias escolares, a cidade de Guararema se destaca como uma op\u00e7\u00e3o de destino para fam\u00edlias que buscam atividades ao ar livre e contato com a natureza. O munic\u00edpio re\u00fane parques, \u00e1reas verdes e espa\u00e7os culturais adequados para diferentes faixas et\u00e1rias, favorecendo a conviv\u00eancia e o lazer, especialmente para quem viaja com crian\u00e7as.<\/p>\n<p style=\"text-align: justify;\" data-path-to-node=\"2\">Entre as op\u00e7\u00f5es de lazer est\u00e1 o rec\u00e9m-inaugurado Parque do Lago &#8220;Professora Aurea Maria Camargo Ramos&#8221;. O local oferece vista para o lago, \u00e1reas abertas e um projeto integrado \u00e0 paisagem natural, sendo indicado para caminhadas suaves e atividades de descanso.<\/p>\n<p style=\"text-align: justify;\" data-path-to-node=\"3\"><img loading=\"lazy\" decoding=\"async\" class=\"alignright wp-image-28463 size-medium\" src=\"https:\/\/jm-metropole.com.br\/site\/wp-content\/uploads\/2026\/01\/WhatsApp-Image-2026-01-09-at-10.23.07-300x200.jpeg\" alt=\"\" width=\"300\" height=\"200\" srcset=\"https:\/\/jm-metropole.com.br\/site\/wp-content\/uploads\/2026\/01\/WhatsApp-Image-2026-01-09-at-10.23.07-300x200.jpeg 300w, https:\/\/jm-metropole.com.br\/site\/wp-content\/uploads\/2026\/01\/WhatsApp-Image-2026-01-09-at-10.23.07-1024x682.jpeg 1024w, https:\/\/jm-metropole.com.br\/site\/wp-content\/uploads\/2026\/01\/WhatsApp-Image-2026-01-09-at-10.23.07-768x512.jpeg 768w, https:\/\/jm-metropole.com.br\/site\/wp-content\/uploads\/2026\/01\/WhatsApp-Image-2026-01-09-at-10.23.07-1536x1023.jpeg 1536w, https:\/\/jm-metropole.com.br\/site\/wp-content\/uploads\/2026\/01\/WhatsApp-Image-2026-01-09-at-10.23.07-150x100.jpeg 150w, https:\/\/jm-metropole.com.br\/site\/wp-content\/uploads\/2026\/01\/WhatsApp-Image-2026-01-09-at-10.23.07-600x400.jpeg 600w, https:\/\/jm-metropole.com.br\/site\/wp-content\/uploads\/2026\/01\/WhatsApp-Image-2026-01-09-at-10.23.07-696x464.jpeg 696w, https:\/\/jm-metropole.com.br\/site\/wp-content\/uploads\/2026\/01\/WhatsApp-Image-2026-01-09-at-10.23.07-1392x927.jpeg 1392w, https:\/\/jm-metropole.com.br\/site\/wp-content\/uploads\/2026\/01\/WhatsApp-Image-2026-01-09-at-10.23.07-1068x712.jpeg 1068w, https:\/\/jm-metropole.com.br\/site\/wp-content\/uploads\/2026\/01\/WhatsApp-Image-2026-01-09-at-10.23.07-630x420.jpeg 630w, https:\/\/jm-metropole.com.br\/site\/wp-content\/uploads\/2026\/01\/WhatsApp-Image-2026-01-09-at-10.23.07-1261x840.jpeg 1261w, https:\/\/jm-metropole.com.br\/site\/wp-content\/uploads\/2026\/01\/WhatsApp-Image-2026-01-09-at-10.23.07.jpeg 1600w\" sizes=\"auto, (max-width: 300px) 100vw, 300px\" \/>Nas proximidades, a Ilha Grande conta com trilhas sombreadas \u00e0s margens do Rio Para\u00edba do Sul, oferecendo percursos de f\u00e1cil acesso. Outra alternativa na mesma linha \u00e9 o Parque Municipal da Pedra Montada, que apresenta forma\u00e7\u00f5es rochosas caracter\u00edsticas e caminhos amplos para explora\u00e7\u00e3o, permitindo inclusive a presen\u00e7a de animais de estima\u00e7\u00e3o.<\/p>\n<p style=\"text-align: justify;\" data-path-to-node=\"4\">O roteiro tur\u00edstico da cidade tamb\u00e9m abrange pontos hist\u00f3ricos e culturais, muitos dos quais podem ser percorridos a p\u00e9 na regi\u00e3o central. Integram esse circuito o Museu Esta\u00e7\u00e3o Ferrovi\u00e1ria, o Museu Casa da Mem\u00f3ria &#8220;Antonia Guilherme Franco \u2013 Dona Nini&#8221;, o Mercado Municipal &#8220;Juvenal Alves Pereira&#8221; e o Centro Artesanal Dona Nen\u00ea. A arquitetura religiosa tamb\u00e9m est\u00e1 presente na Igreja Nossa Senhora da Escada, na Igreja Nossa Senhora D\u2019Ajuda e na Matriz de S\u00e3o Benedito, al\u00e9m das pra\u00e7as 9 de Julho e Coronel Bras\u00edlio Fonseca.<\/p>\n<p style=\"text-align: justify;\" data-path-to-node=\"5\"><img loading=\"lazy\" decoding=\"async\" class=\"alignleft wp-image-28465 size-medium\" src=\"https:\/\/jm-metropole.com.br\/site\/wp-content\/uploads\/2026\/01\/WhatsApp-Image-2026-01-09-at-10.22.50-300x200.jpeg\" alt=\"\" width=\"300\" height=\"200\" srcset=\"https:\/\/jm-metropole.com.br\/site\/wp-content\/uploads\/2026\/01\/WhatsApp-Image-2026-01-09-at-10.22.50-300x200.jpeg 300w, https:\/\/jm-metropole.com.br\/site\/wp-content\/uploads\/2026\/01\/WhatsApp-Image-2026-01-09-at-10.22.50-1024x682.jpeg 1024w, https:\/\/jm-metropole.com.br\/site\/wp-content\/uploads\/2026\/01\/WhatsApp-Image-2026-01-09-at-10.22.50-768x512.jpeg 768w, https:\/\/jm-metropole.com.br\/site\/wp-content\/uploads\/2026\/01\/WhatsApp-Image-2026-01-09-at-10.22.50-1536x1023.jpeg 1536w, https:\/\/jm-metropole.com.br\/site\/wp-content\/uploads\/2026\/01\/WhatsApp-Image-2026-01-09-at-10.22.50-150x100.jpeg 150w, https:\/\/jm-metropole.com.br\/site\/wp-content\/uploads\/2026\/01\/WhatsApp-Image-2026-01-09-at-10.22.50-600x400.jpeg 600w, https:\/\/jm-metropole.com.br\/site\/wp-content\/uploads\/2026\/01\/WhatsApp-Image-2026-01-09-at-10.22.50-696x464.jpeg 696w, https:\/\/jm-metropole.com.br\/site\/wp-content\/uploads\/2026\/01\/WhatsApp-Image-2026-01-09-at-10.22.50-1392x927.jpeg 1392w, https:\/\/jm-metropole.com.br\/site\/wp-content\/uploads\/2026\/01\/WhatsApp-Image-2026-01-09-at-10.22.50-1068x712.jpeg 1068w, https:\/\/jm-metropole.com.br\/site\/wp-content\/uploads\/2026\/01\/WhatsApp-Image-2026-01-09-at-10.22.50-630x420.jpeg 630w, https:\/\/jm-metropole.com.br\/site\/wp-content\/uploads\/2026\/01\/WhatsApp-Image-2026-01-09-at-10.22.50-1261x840.jpeg 1261w, https:\/\/jm-metropole.com.br\/site\/wp-content\/uploads\/2026\/01\/WhatsApp-Image-2026-01-09-at-10.22.50.jpeg 1600w\" sizes=\"auto, (max-width: 300px) 100vw, 300px\" \/>Para quem busca vistas panor\u00e2micas da regi\u00e3o, o Mirante &#8220;Prefeito Gerb\u00e1sio Marcelino&#8221; \u00e9 uma das alternativas. Al\u00e9m dos parques e do centro hist\u00f3rico, Guararema oferece atra\u00e7\u00f5es espec\u00edficas que costumam atrair o p\u00fablico infantil, como o Trem Tur\u00edstico, que realiza passeios entre a esta\u00e7\u00e3o central e o distrito de Lu\u00eds Carlos, e a rota de turismo rural, que proporciona viv\u00eancias com animais e acesso \u00e0 gastronomia t\u00edpica local.<\/p>\n<p style=\"text-align: justify;\" data-path-to-node=\"6\"><em>Cr\u00e9dito fotos acima: Warley Kenji &#8211; Comunica\u00e7\u00e3o\/PMG<\/em><\/p>\n<\/div>\n","protected":false},"excerpt":{"rendered":"<p>Durante o per\u00edodo de f\u00e9rias escolares, a cidade de Guararema se destaca como uma op\u00e7\u00e3o de destino para fam\u00edlias que buscam atividades ao ar livre e contato com a natureza. O munic\u00edpio re\u00fane parques, \u00e1reas verdes e espa\u00e7os culturais adequados para diferentes faixas et\u00e1rias, favorecendo a conviv\u00eancia e o lazer, especialmente para quem viaja com [&hellip;]<\/p>\n","protected":false},"author":1,"featured_media":28464,"comment_status":"open","ping_status":"open","sticky":false,"template":"","format":"standard","meta":{"footnotes":""},"categories":[2,8],"tags":[],"class_list":{"0":"post-28462","1":"post","2":"type-post","3":"status-publish","4":"format-standard","5":"has-post-thumbnail","7":"category-cidades","8":"category-guararema"},"_links":{"self":[{"href":"https:\/\/jm-metropole.com.br\/site\/wp-json\/wp\/v2\/posts\/28462","targetHints":{"allow":["GET"]}}],"collection":[{"href":"https:\/\/jm-metropole.com.br\/site\/wp-json\/wp\/v2\/posts"}],"about":[{"href":"https:\/\/jm-metropole.com.br\/site\/wp-json\/wp\/v2\/types\/post"}],"author":[{"embeddable":true,"href":"https:\/\/jm-metropole.com.br\/site\/wp-json\/wp\/v2\/users\/1"}],"replies":[{"embeddable":true,"href":"https:\/\/jm-metropole.com.br\/site\/wp-json\/wp\/v2\/comments?post=28462"}],"version-history":[{"count":1,"href":"https:\/\/jm-metropole.com.br\/site\/wp-json\/wp\/v2\/posts\/28462\/revisions"}],"predecessor-version":[{"id":28466,"href":"https:\/\/jm-metropole.com.br\/site\/wp-json\/wp\/v2\/posts\/28462\/revisions\/28466"}],"wp:featuredmedia":[{"embeddable":true,"href":"https:\/\/jm-metropole.com.br\/site\/wp-json\/wp\/v2\/media\/28464"}],"wp:attachment":[{"href":"https:\/\/jm-metropole.com.br\/site\/wp-json\/wp\/v2\/media?parent=28462"}],"wp:term":[{"taxonomy":"category","embeddable":true,"href":"https:\/\/jm-metropole.com.br\/site\/wp-json\/wp\/v2\/categories?post=28462"},{"taxonomy":"post_tag","embeddable":true,"href":"https:\/\/jm-metropole.com.br\/site\/wp-json\/wp\/v2\/tags?post=28462"}],"curies":[{"name":"wp","href":"https:\/\/api.w.org\/{rel}","templated":true}]}}