{"id":28458,"date":"2026-01-09T14:09:19","date_gmt":"2026-01-09T17:09:19","guid":{"rendered":"https:\/\/jm-metropole.com.br\/site\/?p=28458"},"modified":"2026-01-09T14:43:04","modified_gmt":"2026-01-09T17:43:04","slug":"santa-isabel-abre-inscricoes-para-auxilio-transporte-de-estudantes-para-o-primeiro-semestre-de-2026","status":"publish","type":"post","link":"https:\/\/jm-metropole.com.br\/site\/santa-isabel-abre-inscricoes-para-auxilio-transporte-de-estudantes-para-o-primeiro-semestre-de-2026\/","title":{"rendered":"SANTA ISABEL ABRE INSCRI\u00c7\u00d5ES PARA AUX\u00cdLIO TRANSPORTE DE ESTUDANTES PARA O PRIMEIRO SEMESTRE DE 2026"},"content":{"rendered":"<div id=\"model-response-message-contentr_45315be56b4fc445\" class=\"markdown markdown-main-panel stronger enable-updated-hr-color\" dir=\"ltr\" aria-live=\"polite\" aria-busy=\"false\">\n<p style=\"text-align: justify;\" data-path-to-node=\"1\">A Prefeitura de Santa Isabel inicia nesta quinta-feira, 15 de janeiro, o per\u00edodo de inscri\u00e7\u00f5es para o benef\u00edcio de transporte voltado a estudantes de cursos t\u00e9cnicos e universit\u00e1rios. O aux\u00edlio \u00e9 referente ao primeiro semestre de 2026 e os interessados t\u00eam at\u00e9 o dia 6 de fevereiro para realizar o cadastro.<\/p>\n<p style=\"text-align: justify;\" data-path-to-node=\"2\">O programa \u00e9 desenvolvido para apoiar o deslocamento di\u00e1rio de alunos at\u00e9 suas institui\u00e7\u00f5es de ensino, visando garantir a perman\u00eancia desses estudantes na forma\u00e7\u00e3o superior ou t\u00e9cnica. Para ter acesso ao benef\u00edcio, \u00e9 necess\u00e1rio que o candidato cumpra as exig\u00eancias previstas no edital e na legisla\u00e7\u00e3o municipal vigente.<\/p>\n<p style=\"text-align: justify;\" data-path-to-node=\"3\">Uma das etapas obrigat\u00f3rias para a participa\u00e7\u00e3o \u00e9 a filia\u00e7\u00e3o \u00e0 Associa\u00e7\u00e3o Afro-Brasileira, que deve ocorrer antes do preenchimento do cadastro eletr\u00f4nico. Somente ap\u00f3s regularizar a situa\u00e7\u00e3o com a entidade \u00e9 que o estudante deve acessar o link dispon\u00edvel no site oficial da Prefeitura de Santa Isabel para efetivar a sua inscri\u00e7\u00e3o dentro do prazo estabelecido pela administra\u00e7\u00e3o municipal.<\/p>\n<p style=\"text-align: justify;\" data-path-to-node=\"4\">A sede da Associa\u00e7\u00e3o Afro-Brasileira est\u00e1 localizada na R. Isabel Maria Lobo n\u00ba 66. O atendimento ao p\u00fablico ocorre de segunda a sexta-feira, em dois per\u00edodos: das 8h30 \u00e0s 11h30 e das 13h \u00e0s 16h30. D\u00favidas ou informa\u00e7\u00f5es adicionais podem ser consultadas pela equipe da associa\u00e7\u00e3o pelo telefone (11) 4680-1116.<\/p>\n<p style=\"text-align: justify;\" data-path-to-node=\"5\">A prefeitura refor\u00e7a que o cumprimento do prazo \u00e9 fundamental, pois o estudante que n\u00e3o realizar o cadastro at\u00e9 o dia 6 de fevereiro perder\u00e1 o direito ao aux\u00edlio durante todo o semestre correspondente. A concess\u00e3o do benef\u00edcio segue as diretrizes estabelecidas pelo Decreto Municipal n\u00famero 5.704, de 24 de janeiro de 2018.<\/p>\n<\/div>\n<p style=\"text-align: right;\" data-path-to-node=\"5\">*<em>Imagem gerada com auxilio de IA.<\/em><\/p>\n<p data-path-to-node=\"5\">\n<p style=\"text-align: center;\" data-path-to-node=\"5\"><img loading=\"lazy\" decoding=\"async\" class=\"aligncenter size-full wp-image-28484\" src=\"https:\/\/jm-metropole.com.br\/site\/wp-content\/uploads\/2026\/01\/WhatsApp-Image-2026-01-09-at-14.35.03.jpeg\" alt=\"\" width=\"735\" height=\"733\" srcset=\"https:\/\/jm-metropole.com.br\/site\/wp-content\/uploads\/2026\/01\/WhatsApp-Image-2026-01-09-at-14.35.03.jpeg 735w, https:\/\/jm-metropole.com.br\/site\/wp-content\/uploads\/2026\/01\/WhatsApp-Image-2026-01-09-at-14.35.03-300x299.jpeg 300w, https:\/\/jm-metropole.com.br\/site\/wp-content\/uploads\/2026\/01\/WhatsApp-Image-2026-01-09-at-14.35.03-150x150.jpeg 150w, https:\/\/jm-metropole.com.br\/site\/wp-content\/uploads\/2026\/01\/WhatsApp-Image-2026-01-09-at-14.35.03-600x598.jpeg 600w, https:\/\/jm-metropole.com.br\/site\/wp-content\/uploads\/2026\/01\/WhatsApp-Image-2026-01-09-at-14.35.03-696x694.jpeg 696w, https:\/\/jm-metropole.com.br\/site\/wp-content\/uploads\/2026\/01\/WhatsApp-Image-2026-01-09-at-14.35.03-421x420.jpeg 421w\" sizes=\"auto, (max-width: 735px) 100vw, 735px\" \/><\/p>\n","protected":false},"excerpt":{"rendered":"<p>A Prefeitura de Santa Isabel inicia nesta quinta-feira, 15 de janeiro, o per\u00edodo de inscri\u00e7\u00f5es para o benef\u00edcio de transporte voltado a estudantes de cursos t\u00e9cnicos e universit\u00e1rios. O aux\u00edlio \u00e9 referente ao primeiro semestre de 2026 e os interessados t\u00eam at\u00e9 o dia 6 de fevereiro para realizar o cadastro. O programa \u00e9 desenvolvido [&hellip;]<\/p>\n","protected":false},"author":1,"featured_media":28460,"comment_status":"open","ping_status":"open","sticky":false,"template":"","format":"standard","meta":{"footnotes":""},"categories":[14,5],"tags":[],"class_list":{"0":"post-28458","1":"post","2":"type-post","3":"status-publish","4":"format-standard","5":"has-post-thumbnail","7":"category-educacao","8":"category-santa-isabel"},"_links":{"self":[{"href":"https:\/\/jm-metropole.com.br\/site\/wp-json\/wp\/v2\/posts\/28458","targetHints":{"allow":["GET"]}}],"collection":[{"href":"https:\/\/jm-metropole.com.br\/site\/wp-json\/wp\/v2\/posts"}],"about":[{"href":"https:\/\/jm-metropole.com.br\/site\/wp-json\/wp\/v2\/types\/post"}],"author":[{"embeddable":true,"href":"https:\/\/jm-metropole.com.br\/site\/wp-json\/wp\/v2\/users\/1"}],"replies":[{"embeddable":true,"href":"https:\/\/jm-metropole.com.br\/site\/wp-json\/wp\/v2\/comments?post=28458"}],"version-history":[{"count":3,"href":"https:\/\/jm-metropole.com.br\/site\/wp-json\/wp\/v2\/posts\/28458\/revisions"}],"predecessor-version":[{"id":28485,"href":"https:\/\/jm-metropole.com.br\/site\/wp-json\/wp\/v2\/posts\/28458\/revisions\/28485"}],"wp:featuredmedia":[{"embeddable":true,"href":"https:\/\/jm-metropole.com.br\/site\/wp-json\/wp\/v2\/media\/28460"}],"wp:attachment":[{"href":"https:\/\/jm-metropole.com.br\/site\/wp-json\/wp\/v2\/media?parent=28458"}],"wp:term":[{"taxonomy":"category","embeddable":true,"href":"https:\/\/jm-metropole.com.br\/site\/wp-json\/wp\/v2\/categories?post=28458"},{"taxonomy":"post_tag","embeddable":true,"href":"https:\/\/jm-metropole.com.br\/site\/wp-json\/wp\/v2\/tags?post=28458"}],"curies":[{"name":"wp","href":"https:\/\/api.w.org\/{rel}","templated":true}]}}