{"id":28453,"date":"2026-01-09T14:01:06","date_gmt":"2026-01-09T17:01:06","guid":{"rendered":"https:\/\/jm-metropole.com.br\/site\/?p=28453"},"modified":"2026-01-09T14:01:06","modified_gmt":"2026-01-09T17:01:06","slug":"suzano-inaugura-novo-espaco-de-lazer-e-socializacao-no-jardim-colorado-neste-domingo","status":"publish","type":"post","link":"https:\/\/jm-metropole.com.br\/site\/suzano-inaugura-novo-espaco-de-lazer-e-socializacao-no-jardim-colorado-neste-domingo\/","title":{"rendered":"SUZANO INAUGURA NOVO ESPA\u00c7O DE LAZER E SOCIALIZA\u00c7\u00c3O NO JARDIM COLORADO NESTE DOMINGO"},"content":{"rendered":"<div id=\"model-response-message-contentr_e223c376a2021d1d\" class=\"markdown markdown-main-panel stronger enable-updated-hr-color\" dir=\"ltr\" aria-live=\"polite\" aria-busy=\"false\">\n<p style=\"text-align: justify;\" data-path-to-node=\"1\">A cidade de Suzano recebe neste domingo, 11 de janeiro, um novo local dedicado \u00e0 recrea\u00e7\u00e3o e conviv\u00eancia no bairro Jardim Colorado. O Espa\u00e7o de Lazer e Socializa\u00e7\u00e3o ser\u00e1 entregue oficialmente \u00e0s 15 horas, em um evento aberto ao p\u00fablico na rua Benedito Martins Filho, altura do n\u00famero 624. O projeto ocupa uma \u00e1rea de faixa de dutos da Transpetro e foi realizado em parceria com a Associa\u00e7\u00e3o Colorado &#8211; Suzano, contando com o apoio institucional da Prefeitura de Suzano.<\/p>\n<p style=\"text-align: justify;\" data-path-to-node=\"2\"><img loading=\"lazy\" decoding=\"async\" class=\"alignright wp-image-28456 size-medium\" src=\"https:\/\/jm-metropole.com.br\/site\/wp-content\/uploads\/2026\/01\/WhatsApp-Image-2026-01-08-at-18.20.57-300x169.jpeg\" alt=\"\" width=\"300\" height=\"169\" srcset=\"https:\/\/jm-metropole.com.br\/site\/wp-content\/uploads\/2026\/01\/WhatsApp-Image-2026-01-08-at-18.20.57-300x169.jpeg 300w, https:\/\/jm-metropole.com.br\/site\/wp-content\/uploads\/2026\/01\/WhatsApp-Image-2026-01-08-at-18.20.57-1024x576.jpeg 1024w, https:\/\/jm-metropole.com.br\/site\/wp-content\/uploads\/2026\/01\/WhatsApp-Image-2026-01-08-at-18.20.57-768x432.jpeg 768w, https:\/\/jm-metropole.com.br\/site\/wp-content\/uploads\/2026\/01\/WhatsApp-Image-2026-01-08-at-18.20.57-150x84.jpeg 150w, https:\/\/jm-metropole.com.br\/site\/wp-content\/uploads\/2026\/01\/WhatsApp-Image-2026-01-08-at-18.20.57-600x338.jpeg 600w, https:\/\/jm-metropole.com.br\/site\/wp-content\/uploads\/2026\/01\/WhatsApp-Image-2026-01-08-at-18.20.57-696x392.jpeg 696w, https:\/\/jm-metropole.com.br\/site\/wp-content\/uploads\/2026\/01\/WhatsApp-Image-2026-01-08-at-18.20.57-1068x601.jpeg 1068w, https:\/\/jm-metropole.com.br\/site\/wp-content\/uploads\/2026\/01\/WhatsApp-Image-2026-01-08-at-18.20.57-747x420.jpeg 747w, https:\/\/jm-metropole.com.br\/site\/wp-content\/uploads\/2026\/01\/WhatsApp-Image-2026-01-08-at-18.20.57.jpeg 1280w\" sizes=\"auto, (max-width: 300px) 100vw, 300px\" \/>A iniciativa integra o Programa Faixa em Movimento, desenvolvido pela Transpetro com o objetivo de promover o bem-estar da popula\u00e7\u00e3o e, ao mesmo tempo, garantir a seguran\u00e7a operacional das estruturas instaladas no subsolo. A revitaliza\u00e7\u00e3o transformou o local em um ponto de encontro para a comunidade, oferecendo novas op\u00e7\u00f5es de esporte e lazer em uma \u00e1rea que anteriormente possu\u00eda pouco aproveitamento.<\/p>\n<p style=\"text-align: justify;\" data-path-to-node=\"3\">As melhorias no espa\u00e7o incluem a instala\u00e7\u00e3o de um campo de futebol society, a amplia\u00e7\u00e3o do playground infantil com a coloca\u00e7\u00e3o de novos brinquedos e a reforma completa da quadra de areia. Segundo os organizadores, o projeto foi elaborado a partir de um processo de escuta ativa dos moradores do entorno, visando atender as demandas reais do bairro e incentivar a ocupa\u00e7\u00e3o respons\u00e1vel e segura do territ\u00f3rio urbano.<\/p>\n<p style=\"text-align: justify;\" data-path-to-node=\"4\">Equipes de responsabilidade social e de opera\u00e7\u00e3o de dutos da Transpetro acompanharam todas as etapas do desenvolvimento, atuando diretamente com a associa\u00e7\u00e3o de moradores e as equipes t\u00e9cnicas envolvidas. Al\u00e9m de oferecer op\u00e7\u00f5es de lazer, a a\u00e7\u00e3o busca refor\u00e7ar os v\u00ednculos comunit\u00e1rios e garantir a preserva\u00e7\u00e3o da infraestrutura existente na regi\u00e3o.<\/p>\n<p style=\"text-align: justify;\" data-path-to-node=\"5\">O prefeito Pedro Ishi destacou que a entrega representa um avan\u00e7o importante para a qualidade de vida no Jardim Colorado. De acordo com o chefe do Executivo, a cria\u00e7\u00e3o de oportunidades para a pr\u00e1tica esportiva e para a socializa\u00e7\u00e3o de crian\u00e7as, jovens e fam\u00edlias \u00e9 fundamental para a melhoria do cotidiano e para a ocupa\u00e7\u00e3o positiva dos espa\u00e7os p\u00fablicos da cidade.<\/p>\n<p style=\"text-align: justify;\" data-path-to-node=\"6\"><em>Foto: Wanderley Costa\/Secop Suzano<\/em><\/p>\n<\/div>\n","protected":false},"excerpt":{"rendered":"<p>A cidade de Suzano recebe neste domingo, 11 de janeiro, um novo local dedicado \u00e0 recrea\u00e7\u00e3o e conviv\u00eancia no bairro Jardim Colorado. O Espa\u00e7o de Lazer e Socializa\u00e7\u00e3o ser\u00e1 entregue oficialmente \u00e0s 15 horas, em um evento aberto ao p\u00fablico na rua Benedito Martins Filho, altura do n\u00famero 624. O projeto ocupa uma \u00e1rea de [&hellip;]<\/p>\n","protected":false},"author":1,"featured_media":28455,"comment_status":"open","ping_status":"open","sticky":false,"template":"","format":"standard","meta":{"footnotes":""},"categories":[9],"tags":[],"class_list":{"0":"post-28453","1":"post","2":"type-post","3":"status-publish","4":"format-standard","5":"has-post-thumbnail","7":"category-suzano"},"_links":{"self":[{"href":"https:\/\/jm-metropole.com.br\/site\/wp-json\/wp\/v2\/posts\/28453","targetHints":{"allow":["GET"]}}],"collection":[{"href":"https:\/\/jm-metropole.com.br\/site\/wp-json\/wp\/v2\/posts"}],"about":[{"href":"https:\/\/jm-metropole.com.br\/site\/wp-json\/wp\/v2\/types\/post"}],"author":[{"embeddable":true,"href":"https:\/\/jm-metropole.com.br\/site\/wp-json\/wp\/v2\/users\/1"}],"replies":[{"embeddable":true,"href":"https:\/\/jm-metropole.com.br\/site\/wp-json\/wp\/v2\/comments?post=28453"}],"version-history":[{"count":1,"href":"https:\/\/jm-metropole.com.br\/site\/wp-json\/wp\/v2\/posts\/28453\/revisions"}],"predecessor-version":[{"id":28457,"href":"https:\/\/jm-metropole.com.br\/site\/wp-json\/wp\/v2\/posts\/28453\/revisions\/28457"}],"wp:featuredmedia":[{"embeddable":true,"href":"https:\/\/jm-metropole.com.br\/site\/wp-json\/wp\/v2\/media\/28455"}],"wp:attachment":[{"href":"https:\/\/jm-metropole.com.br\/site\/wp-json\/wp\/v2\/media?parent=28453"}],"wp:term":[{"taxonomy":"category","embeddable":true,"href":"https:\/\/jm-metropole.com.br\/site\/wp-json\/wp\/v2\/categories?post=28453"},{"taxonomy":"post_tag","embeddable":true,"href":"https:\/\/jm-metropole.com.br\/site\/wp-json\/wp\/v2\/tags?post=28453"}],"curies":[{"name":"wp","href":"https:\/\/api.w.org\/{rel}","templated":true}]}}