{"id":28449,"date":"2026-01-09T11:49:54","date_gmt":"2026-01-09T14:49:54","guid":{"rendered":"https:\/\/jm-metropole.com.br\/site\/?p=28449"},"modified":"2026-01-09T11:50:46","modified_gmt":"2026-01-09T14:50:46","slug":"prefeitura-de-santa-isabel-afirma-que-radar-na-estrada-do-monte-negro-ainda-nao-esta-operando","status":"publish","type":"post","link":"https:\/\/jm-metropole.com.br\/site\/prefeitura-de-santa-isabel-afirma-que-radar-na-estrada-do-monte-negro-ainda-nao-esta-operando\/","title":{"rendered":"PREFEITURA DE SANTA ISABEL AFIRMA QUE RADAR NA ESTRADA DO MONTE NEGRO AINDA N\u00c3O EST\u00c1 OPERANDO"},"content":{"rendered":"<p style=\"text-align: justify;\">Ap\u00f3s <a href=\"https:\/\/jm-metropole.com.br\/site\/instalacao-de-radar-na-estrada-do-monte-negro-gera-revolta-e-suspeita-de-industria-da-multa\/\">ser questionada pelo Jornal Metr\u00f3pole sobre a instala\u00e7\u00e3o de um radar com limite de 30 quil\u00f4metros por hora na Estrada Benedito Rodrigues Cardoso<\/a>, conhecida como Estrada do Monte Negro, a Prefeitura de Santa Isabel esclareceu que o equipamento ainda est\u00e1 em fase de implanta\u00e7\u00e3o e n\u00e3o est\u00e1 em opera\u00e7\u00e3o.<\/p>\n<p style=\"text-align: justify;\" data-path-to-node=\"2\">A prefeitura informou que o funcionamento do medidor de velocidade s\u00f3 ter\u00e1 in\u00edcio quando todas as normas previstas na Resolu\u00e7\u00e3o 798\/2020 do Conselho Nacional de Tr\u00e2nsito forem atendidas. Atualmente, o governo municipal trabalha na remo\u00e7\u00e3o da vegeta\u00e7\u00e3o do local e na implanta\u00e7\u00e3o da sinaliza\u00e7\u00e3o exigida por lei. Foi garantido ainda que haver\u00e1 uma ampla divulga\u00e7\u00e3o com anteced\u00eancia antes que o equipamento comece a registrar infra\u00e7\u00f5es.<\/p>\n<p style=\"text-align: justify;\" data-path-to-node=\"3\">Questionada sobre a aus\u00eancia de um levantamento de acidentes no trecho, a prefeitura justificou que, por se tratar de um equipamento medidor de velocidade e n\u00e3o um redutor, a legisla\u00e7\u00e3o n\u00e3o exige tal estudo t\u00e9cnico pr\u00e9vio. No entanto, o levantamento t\u00e9cnico do local, conforme exigido pela resolu\u00e7\u00e3o federal, ser\u00e1 disponibilizado assim que a opera\u00e7\u00e3o for iniciada.<\/p>\n<p style=\"text-align: justify;\" data-path-to-node=\"4\">Sobre a escolha pelo radar em vez de lombadas, a administra\u00e7\u00e3o explicou que o trecho da Estrada do Monte Negro n\u00e3o permite a instala\u00e7\u00e3o de ondula\u00e7\u00f5es transversais por n\u00e3o atender aos crit\u00e9rios t\u00e9cnicos estabelecidos pelo Manual de Sinaliza\u00e7\u00e3o Vi\u00e1ria. A prefeitura tamb\u00e9m esclareceu que n\u00e3o realizou audi\u00eancia p\u00fablica sobre o tema por n\u00e3o haver obrigatoriedade legal para este tipo de interven\u00e7\u00e3o.<\/p>\n<p style=\"text-align: justify;\" data-path-to-node=\"5\">Por fim, o Executivo municipal declarou que os valores arrecadados com as multas aplicadas no munic\u00edpio s\u00e3o revertidos em investimentos para a pr\u00f3pria sinaliza\u00e7\u00e3o vi\u00e1ria da cidade.<\/p>\n","protected":false},"excerpt":{"rendered":"<p>Ap\u00f3s ser questionada pelo Jornal Metr\u00f3pole sobre a instala\u00e7\u00e3o de um radar com limite de 30 quil\u00f4metros por hora na Estrada Benedito Rodrigues Cardoso, conhecida como Estrada do Monte Negro, a Prefeitura de Santa Isabel esclareceu que o equipamento ainda est\u00e1 em fase de implanta\u00e7\u00e3o e n\u00e3o est\u00e1 em opera\u00e7\u00e3o. A prefeitura informou que o [&hellip;]<\/p>\n","protected":false},"author":1,"featured_media":28450,"comment_status":"open","ping_status":"open","sticky":false,"template":"","format":"standard","meta":{"footnotes":""},"categories":[5,547],"tags":[],"class_list":{"0":"post-28449","1":"post","2":"type-post","3":"status-publish","4":"format-standard","5":"has-post-thumbnail","7":"category-santa-isabel","8":"category-transito"},"_links":{"self":[{"href":"https:\/\/jm-metropole.com.br\/site\/wp-json\/wp\/v2\/posts\/28449","targetHints":{"allow":["GET"]}}],"collection":[{"href":"https:\/\/jm-metropole.com.br\/site\/wp-json\/wp\/v2\/posts"}],"about":[{"href":"https:\/\/jm-metropole.com.br\/site\/wp-json\/wp\/v2\/types\/post"}],"author":[{"embeddable":true,"href":"https:\/\/jm-metropole.com.br\/site\/wp-json\/wp\/v2\/users\/1"}],"replies":[{"embeddable":true,"href":"https:\/\/jm-metropole.com.br\/site\/wp-json\/wp\/v2\/comments?post=28449"}],"version-history":[{"count":2,"href":"https:\/\/jm-metropole.com.br\/site\/wp-json\/wp\/v2\/posts\/28449\/revisions"}],"predecessor-version":[{"id":28452,"href":"https:\/\/jm-metropole.com.br\/site\/wp-json\/wp\/v2\/posts\/28449\/revisions\/28452"}],"wp:featuredmedia":[{"embeddable":true,"href":"https:\/\/jm-metropole.com.br\/site\/wp-json\/wp\/v2\/media\/28450"}],"wp:attachment":[{"href":"https:\/\/jm-metropole.com.br\/site\/wp-json\/wp\/v2\/media?parent=28449"}],"wp:term":[{"taxonomy":"category","embeddable":true,"href":"https:\/\/jm-metropole.com.br\/site\/wp-json\/wp\/v2\/categories?post=28449"},{"taxonomy":"post_tag","embeddable":true,"href":"https:\/\/jm-metropole.com.br\/site\/wp-json\/wp\/v2\/tags?post=28449"}],"curies":[{"name":"wp","href":"https:\/\/api.w.org\/{rel}","templated":true}]}}