{"id":28439,"date":"2026-01-09T10:55:12","date_gmt":"2026-01-09T13:55:12","guid":{"rendered":"https:\/\/jm-metropole.com.br\/site\/?p=28439"},"modified":"2026-01-09T10:55:12","modified_gmt":"2026-01-09T13:55:12","slug":"colisao-entre-caminhoes-e-tombamento-de-carga-bloqueiam-acesso-a-santa-isabel","status":"publish","type":"post","link":"https:\/\/jm-metropole.com.br\/site\/colisao-entre-caminhoes-e-tombamento-de-carga-bloqueiam-acesso-a-santa-isabel\/","title":{"rendered":"COLIS\u00c3O ENTRE CAMINH\u00d5ES E TOMBAMENTO DE CARGA BLOQUEIAM ACESSO A SANTA ISABEL"},"content":{"rendered":"<div id=\"model-response-message-contentr_0a632ee7764cc4b8\" class=\"markdown markdown-main-panel stronger enable-updated-hr-color\" dir=\"ltr\" aria-live=\"polite\" aria-busy=\"false\">\n<p style=\"text-align: justify;\" data-path-to-node=\"1\">Um acidente envolvendo dois caminh\u00f5es no trevo de acesso a Santa Isabel, pela Rodovia Presidente Dutra, causou a interdi\u00e7\u00e3o parcial da pista e gerou lentid\u00e3o no tr\u00e1fego nesta sexta-feira. A colis\u00e3o resultou no tombamento de uma carga de pedrisco, que ficou espalhada pela via.<\/p>\n<p style=\"text-align: justify;\" data-path-to-node=\"2\"><img loading=\"lazy\" decoding=\"async\" class=\"alignleft size-medium wp-image-28441\" src=\"https:\/\/jm-metropole.com.br\/site\/wp-content\/uploads\/2026\/01\/WhatsApp-Image-2026-01-09-at-10.50.56-300x225.jpeg\" alt=\"\" width=\"300\" height=\"225\" srcset=\"https:\/\/jm-metropole.com.br\/site\/wp-content\/uploads\/2026\/01\/WhatsApp-Image-2026-01-09-at-10.50.56-300x225.jpeg 300w, https:\/\/jm-metropole.com.br\/site\/wp-content\/uploads\/2026\/01\/WhatsApp-Image-2026-01-09-at-10.50.56-1024x768.jpeg 1024w, https:\/\/jm-metropole.com.br\/site\/wp-content\/uploads\/2026\/01\/WhatsApp-Image-2026-01-09-at-10.50.56-768x576.jpeg 768w, https:\/\/jm-metropole.com.br\/site\/wp-content\/uploads\/2026\/01\/WhatsApp-Image-2026-01-09-at-10.50.56-1536x1152.jpeg 1536w, https:\/\/jm-metropole.com.br\/site\/wp-content\/uploads\/2026\/01\/WhatsApp-Image-2026-01-09-at-10.50.56-2048x1536.jpeg 2048w, https:\/\/jm-metropole.com.br\/site\/wp-content\/uploads\/2026\/01\/WhatsApp-Image-2026-01-09-at-10.50.56-150x113.jpeg 150w, https:\/\/jm-metropole.com.br\/site\/wp-content\/uploads\/2026\/01\/WhatsApp-Image-2026-01-09-at-10.50.56-600x450.jpeg 600w, https:\/\/jm-metropole.com.br\/site\/wp-content\/uploads\/2026\/01\/WhatsApp-Image-2026-01-09-at-10.50.56-696x522.jpeg 696w, https:\/\/jm-metropole.com.br\/site\/wp-content\/uploads\/2026\/01\/WhatsApp-Image-2026-01-09-at-10.50.56-1392x1044.jpeg 1392w, https:\/\/jm-metropole.com.br\/site\/wp-content\/uploads\/2026\/01\/WhatsApp-Image-2026-01-09-at-10.50.56-1068x801.jpeg 1068w, https:\/\/jm-metropole.com.br\/site\/wp-content\/uploads\/2026\/01\/WhatsApp-Image-2026-01-09-at-10.50.56-1920x1440.jpeg 1920w, https:\/\/jm-metropole.com.br\/site\/wp-content\/uploads\/2026\/01\/WhatsApp-Image-2026-01-09-at-10.50.56-560x420.jpeg 560w, https:\/\/jm-metropole.com.br\/site\/wp-content\/uploads\/2026\/01\/WhatsApp-Image-2026-01-09-at-10.50.56-1120x840.jpeg 1120w, https:\/\/jm-metropole.com.br\/site\/wp-content\/uploads\/2026\/01\/WhatsApp-Image-2026-01-09-at-10.50.56-80x60.jpeg 80w, https:\/\/jm-metropole.com.br\/site\/wp-content\/uploads\/2026\/01\/WhatsApp-Image-2026-01-09-at-10.50.56-160x120.jpeg 160w, https:\/\/jm-metropole.com.br\/site\/wp-content\/uploads\/2026\/01\/WhatsApp-Image-2026-01-09-at-10.50.56-265x198.jpeg 265w, https:\/\/jm-metropole.com.br\/site\/wp-content\/uploads\/2026\/01\/WhatsApp-Image-2026-01-09-at-10.50.56-530x396.jpeg 530w\" sizes=\"auto, (max-width: 300px) 100vw, 300px\" \/>De acordo com informa\u00e7\u00f5es preliminares da Pol\u00edcia Rodovi\u00e1ria Federal (PRF), um dos caminh\u00f5es acessava o trevo vindo de uma estrada lateral quando colidiu com a lateral de outro ve\u00edculo de carga que seguia no sentido Rio de Janeiro. Com o impacto, o caminh\u00e3o carregado de pedrisco tombou, espalhando o material na pista. Apesar da gravidade do acidente, n\u00e3o h\u00e1 registro de v\u00edtimas.<\/p>\n<p style=\"text-align: justify;\" data-path-to-node=\"3\">Equipes de resgate da concession\u00e1ria que administra a rodovia, o Corpo de Bombeiros e a Pol\u00edcia Rodovi\u00e1ria Federal foram acionados e permanecem no local. O trabalho das equipes est\u00e1 concentrado na remo\u00e7\u00e3o do material despejado para evitar novos acidentes e garantir a seguran\u00e7a dos condutores.<\/p>\n<p style=\"text-align: justify;\" data-path-to-node=\"4\"><img loading=\"lazy\" decoding=\"async\" class=\"alignright size-medium wp-image-28440\" src=\"https:\/\/jm-metropole.com.br\/site\/wp-content\/uploads\/2026\/01\/WhatsApp-Image-2026-01-09-at-10.51.20-300x225.jpeg\" alt=\"\" width=\"300\" height=\"225\" srcset=\"https:\/\/jm-metropole.com.br\/site\/wp-content\/uploads\/2026\/01\/WhatsApp-Image-2026-01-09-at-10.51.20-300x225.jpeg 300w, https:\/\/jm-metropole.com.br\/site\/wp-content\/uploads\/2026\/01\/WhatsApp-Image-2026-01-09-at-10.51.20-1024x768.jpeg 1024w, https:\/\/jm-metropole.com.br\/site\/wp-content\/uploads\/2026\/01\/WhatsApp-Image-2026-01-09-at-10.51.20-768x576.jpeg 768w, https:\/\/jm-metropole.com.br\/site\/wp-content\/uploads\/2026\/01\/WhatsApp-Image-2026-01-09-at-10.51.20-1536x1152.jpeg 1536w, https:\/\/jm-metropole.com.br\/site\/wp-content\/uploads\/2026\/01\/WhatsApp-Image-2026-01-09-at-10.51.20-2048x1536.jpeg 2048w, https:\/\/jm-metropole.com.br\/site\/wp-content\/uploads\/2026\/01\/WhatsApp-Image-2026-01-09-at-10.51.20-150x113.jpeg 150w, https:\/\/jm-metropole.com.br\/site\/wp-content\/uploads\/2026\/01\/WhatsApp-Image-2026-01-09-at-10.51.20-600x450.jpeg 600w, https:\/\/jm-metropole.com.br\/site\/wp-content\/uploads\/2026\/01\/WhatsApp-Image-2026-01-09-at-10.51.20-696x522.jpeg 696w, https:\/\/jm-metropole.com.br\/site\/wp-content\/uploads\/2026\/01\/WhatsApp-Image-2026-01-09-at-10.51.20-1392x1044.jpeg 1392w, https:\/\/jm-metropole.com.br\/site\/wp-content\/uploads\/2026\/01\/WhatsApp-Image-2026-01-09-at-10.51.20-1068x801.jpeg 1068w, https:\/\/jm-metropole.com.br\/site\/wp-content\/uploads\/2026\/01\/WhatsApp-Image-2026-01-09-at-10.51.20-1920x1440.jpeg 1920w, https:\/\/jm-metropole.com.br\/site\/wp-content\/uploads\/2026\/01\/WhatsApp-Image-2026-01-09-at-10.51.20-560x420.jpeg 560w, https:\/\/jm-metropole.com.br\/site\/wp-content\/uploads\/2026\/01\/WhatsApp-Image-2026-01-09-at-10.51.20-1120x840.jpeg 1120w, https:\/\/jm-metropole.com.br\/site\/wp-content\/uploads\/2026\/01\/WhatsApp-Image-2026-01-09-at-10.51.20-80x60.jpeg 80w, https:\/\/jm-metropole.com.br\/site\/wp-content\/uploads\/2026\/01\/WhatsApp-Image-2026-01-09-at-10.51.20-160x120.jpeg 160w, https:\/\/jm-metropole.com.br\/site\/wp-content\/uploads\/2026\/01\/WhatsApp-Image-2026-01-09-at-10.51.20-265x198.jpeg 265w, https:\/\/jm-metropole.com.br\/site\/wp-content\/uploads\/2026\/01\/WhatsApp-Image-2026-01-09-at-10.51.20-530x396.jpeg 530w\" sizes=\"auto, (max-width: 300px) 100vw, 300px\" \/>Devido ao trabalho de limpeza e \u00e0 posi\u00e7\u00e3o dos ve\u00edculos, a via principal segue interditada. O tr\u00e1fego est\u00e1 sendo liberado de forma gradativa, permitindo a passagem de apenas um ve\u00edculo por vez. A situa\u00e7\u00e3o causa reten\u00e7\u00e3o no fluxo para os motoristas que se deslocam de Aruj\u00e1 no sentido Santa Isabel.<\/p>\n<p style=\"text-align: justify;\" data-path-to-node=\"5\">Como alternativa, o tr\u00e2nsito est\u00e1 sendo desviado para uma rota secund\u00e1ria, localizada alguns metros ap\u00f3s a entrada principal. As autoridades orientam que os motoristas evitem a regi\u00e3o, se poss\u00edvel, ou redobrem a aten\u00e7\u00e3o ao trafegar pelo desvio sinalizado. O Jornal Metr\u00f3pole acompanha o andamento dos trabalhos at\u00e9 a libera\u00e7\u00e3o total do acesso.<\/p>\n<p style=\"text-align: center;\" data-path-to-node=\"5\"><img loading=\"lazy\" decoding=\"async\" class=\"aligncenter size-large wp-image-28445\" src=\"https:\/\/jm-metropole.com.br\/site\/wp-content\/uploads\/2026\/01\/WhatsApp-Image-2026-01-09-at-10.50.43-1024x768.jpeg\" alt=\"\" width=\"696\" height=\"522\" srcset=\"https:\/\/jm-metropole.com.br\/site\/wp-content\/uploads\/2026\/01\/WhatsApp-Image-2026-01-09-at-10.50.43-1024x768.jpeg 1024w, https:\/\/jm-metropole.com.br\/site\/wp-content\/uploads\/2026\/01\/WhatsApp-Image-2026-01-09-at-10.50.43-300x225.jpeg 300w, https:\/\/jm-metropole.com.br\/site\/wp-content\/uploads\/2026\/01\/WhatsApp-Image-2026-01-09-at-10.50.43-768x576.jpeg 768w, https:\/\/jm-metropole.com.br\/site\/wp-content\/uploads\/2026\/01\/WhatsApp-Image-2026-01-09-at-10.50.43-1536x1152.jpeg 1536w, https:\/\/jm-metropole.com.br\/site\/wp-content\/uploads\/2026\/01\/WhatsApp-Image-2026-01-09-at-10.50.43-2048x1536.jpeg 2048w, https:\/\/jm-metropole.com.br\/site\/wp-content\/uploads\/2026\/01\/WhatsApp-Image-2026-01-09-at-10.50.43-150x113.jpeg 150w, https:\/\/jm-metropole.com.br\/site\/wp-content\/uploads\/2026\/01\/WhatsApp-Image-2026-01-09-at-10.50.43-600x450.jpeg 600w, https:\/\/jm-metropole.com.br\/site\/wp-content\/uploads\/2026\/01\/WhatsApp-Image-2026-01-09-at-10.50.43-696x522.jpeg 696w, https:\/\/jm-metropole.com.br\/site\/wp-content\/uploads\/2026\/01\/WhatsApp-Image-2026-01-09-at-10.50.43-1392x1044.jpeg 1392w, https:\/\/jm-metropole.com.br\/site\/wp-content\/uploads\/2026\/01\/WhatsApp-Image-2026-01-09-at-10.50.43-1068x801.jpeg 1068w, https:\/\/jm-metropole.com.br\/site\/wp-content\/uploads\/2026\/01\/WhatsApp-Image-2026-01-09-at-10.50.43-1920x1440.jpeg 1920w, https:\/\/jm-metropole.com.br\/site\/wp-content\/uploads\/2026\/01\/WhatsApp-Image-2026-01-09-at-10.50.43-560x420.jpeg 560w, https:\/\/jm-metropole.com.br\/site\/wp-content\/uploads\/2026\/01\/WhatsApp-Image-2026-01-09-at-10.50.43-1120x840.jpeg 1120w, https:\/\/jm-metropole.com.br\/site\/wp-content\/uploads\/2026\/01\/WhatsApp-Image-2026-01-09-at-10.50.43-80x60.jpeg 80w, https:\/\/jm-metropole.com.br\/site\/wp-content\/uploads\/2026\/01\/WhatsApp-Image-2026-01-09-at-10.50.43-160x120.jpeg 160w, https:\/\/jm-metropole.com.br\/site\/wp-content\/uploads\/2026\/01\/WhatsApp-Image-2026-01-09-at-10.50.43-265x198.jpeg 265w\" sizes=\"auto, (max-width: 696px) 100vw, 696px\" \/><\/p>\n<p style=\"text-align: center;\" data-path-to-node=\"5\"><img loading=\"lazy\" decoding=\"async\" class=\"aligncenter size-large wp-image-28443\" src=\"https:\/\/jm-metropole.com.br\/site\/wp-content\/uploads\/2026\/01\/WhatsApp-Image-2026-01-09-at-10.50.48-1024x768.jpeg\" alt=\"\" width=\"696\" height=\"522\" srcset=\"https:\/\/jm-metropole.com.br\/site\/wp-content\/uploads\/2026\/01\/WhatsApp-Image-2026-01-09-at-10.50.48-1024x768.jpeg 1024w, https:\/\/jm-metropole.com.br\/site\/wp-content\/uploads\/2026\/01\/WhatsApp-Image-2026-01-09-at-10.50.48-300x225.jpeg 300w, https:\/\/jm-metropole.com.br\/site\/wp-content\/uploads\/2026\/01\/WhatsApp-Image-2026-01-09-at-10.50.48-768x576.jpeg 768w, https:\/\/jm-metropole.com.br\/site\/wp-content\/uploads\/2026\/01\/WhatsApp-Image-2026-01-09-at-10.50.48-1536x1152.jpeg 1536w, https:\/\/jm-metropole.com.br\/site\/wp-content\/uploads\/2026\/01\/WhatsApp-Image-2026-01-09-at-10.50.48-2048x1536.jpeg 2048w, https:\/\/jm-metropole.com.br\/site\/wp-content\/uploads\/2026\/01\/WhatsApp-Image-2026-01-09-at-10.50.48-150x113.jpeg 150w, https:\/\/jm-metropole.com.br\/site\/wp-content\/uploads\/2026\/01\/WhatsApp-Image-2026-01-09-at-10.50.48-600x450.jpeg 600w, https:\/\/jm-metropole.com.br\/site\/wp-content\/uploads\/2026\/01\/WhatsApp-Image-2026-01-09-at-10.50.48-696x522.jpeg 696w, https:\/\/jm-metropole.com.br\/site\/wp-content\/uploads\/2026\/01\/WhatsApp-Image-2026-01-09-at-10.50.48-1392x1044.jpeg 1392w, https:\/\/jm-metropole.com.br\/site\/wp-content\/uploads\/2026\/01\/WhatsApp-Image-2026-01-09-at-10.50.48-1068x801.jpeg 1068w, https:\/\/jm-metropole.com.br\/site\/wp-content\/uploads\/2026\/01\/WhatsApp-Image-2026-01-09-at-10.50.48-1920x1440.jpeg 1920w, https:\/\/jm-metropole.com.br\/site\/wp-content\/uploads\/2026\/01\/WhatsApp-Image-2026-01-09-at-10.50.48-560x420.jpeg 560w, https:\/\/jm-metropole.com.br\/site\/wp-content\/uploads\/2026\/01\/WhatsApp-Image-2026-01-09-at-10.50.48-1120x840.jpeg 1120w, https:\/\/jm-metropole.com.br\/site\/wp-content\/uploads\/2026\/01\/WhatsApp-Image-2026-01-09-at-10.50.48-80x60.jpeg 80w, https:\/\/jm-metropole.com.br\/site\/wp-content\/uploads\/2026\/01\/WhatsApp-Image-2026-01-09-at-10.50.48-160x120.jpeg 160w, https:\/\/jm-metropole.com.br\/site\/wp-content\/uploads\/2026\/01\/WhatsApp-Image-2026-01-09-at-10.50.48-265x198.jpeg 265w\" sizes=\"auto, (max-width: 696px) 100vw, 696px\" \/><\/p>\n<\/div>\n","protected":false},"excerpt":{"rendered":"<p>Um acidente envolvendo dois caminh\u00f5es no trevo de acesso a Santa Isabel, pela Rodovia Presidente Dutra, causou a interdi\u00e7\u00e3o parcial da pista e gerou lentid\u00e3o no tr\u00e1fego nesta sexta-feira. A colis\u00e3o resultou no tombamento de uma carga de pedrisco, que ficou espalhada pela via. De acordo com informa\u00e7\u00f5es preliminares da Pol\u00edcia Rodovi\u00e1ria Federal (PRF), um [&hellip;]<\/p>\n","protected":false},"author":1,"featured_media":28442,"comment_status":"open","ping_status":"open","sticky":false,"template":"","format":"standard","meta":{"footnotes":""},"categories":[5,547],"tags":[],"class_list":{"0":"post-28439","1":"post","2":"type-post","3":"status-publish","4":"format-standard","5":"has-post-thumbnail","7":"category-santa-isabel","8":"category-transito"},"_links":{"self":[{"href":"https:\/\/jm-metropole.com.br\/site\/wp-json\/wp\/v2\/posts\/28439","targetHints":{"allow":["GET"]}}],"collection":[{"href":"https:\/\/jm-metropole.com.br\/site\/wp-json\/wp\/v2\/posts"}],"about":[{"href":"https:\/\/jm-metropole.com.br\/site\/wp-json\/wp\/v2\/types\/post"}],"author":[{"embeddable":true,"href":"https:\/\/jm-metropole.com.br\/site\/wp-json\/wp\/v2\/users\/1"}],"replies":[{"embeddable":true,"href":"https:\/\/jm-metropole.com.br\/site\/wp-json\/wp\/v2\/comments?post=28439"}],"version-history":[{"count":1,"href":"https:\/\/jm-metropole.com.br\/site\/wp-json\/wp\/v2\/posts\/28439\/revisions"}],"predecessor-version":[{"id":28447,"href":"https:\/\/jm-metropole.com.br\/site\/wp-json\/wp\/v2\/posts\/28439\/revisions\/28447"}],"wp:featuredmedia":[{"embeddable":true,"href":"https:\/\/jm-metropole.com.br\/site\/wp-json\/wp\/v2\/media\/28442"}],"wp:attachment":[{"href":"https:\/\/jm-metropole.com.br\/site\/wp-json\/wp\/v2\/media?parent=28439"}],"wp:term":[{"taxonomy":"category","embeddable":true,"href":"https:\/\/jm-metropole.com.br\/site\/wp-json\/wp\/v2\/categories?post=28439"},{"taxonomy":"post_tag","embeddable":true,"href":"https:\/\/jm-metropole.com.br\/site\/wp-json\/wp\/v2\/tags?post=28439"}],"curies":[{"name":"wp","href":"https:\/\/api.w.org\/{rel}","templated":true}]}}