{"id":28437,"date":"2026-01-08T18:00:09","date_gmt":"2026-01-08T21:00:09","guid":{"rendered":"https:\/\/jm-metropole.com.br\/site\/?p=28437"},"modified":"2026-01-08T18:00:50","modified_gmt":"2026-01-08T21:00:50","slug":"instalacao-de-radar-na-estrada-do-monte-negro-gera-revolta-e-suspeita-de-industria-da-multa","status":"publish","type":"post","link":"https:\/\/jm-metropole.com.br\/site\/instalacao-de-radar-na-estrada-do-monte-negro-gera-revolta-e-suspeita-de-industria-da-multa\/","title":{"rendered":"INSTALA\u00c7\u00c3O DE RADAR NA ESTRADA DO MONTE NEGRO GERA REVOLTA E SUSPEITA DE &#8220;IND\u00daSTRIA DA MULTA&#8221;"},"content":{"rendered":"<p style=\"text-align: justify;\">A instala\u00e7\u00e3o de um novo radar de velocidade na Estrada Benedito Rodrigues Cardoso, conhecida como Estrada do Monte Negro, tornou-se o principal tema de debates e reclama\u00e7\u00f5es entre os moradores de Santa Isabel nesta semana. O equipamento, configurado para o limite de 30 km\/h, foi posicionado na altura da entrada do Recanto Alpina, em um ponto que tem sido duramente criticado pela falta de visibilidade e sinaliza\u00e7\u00e3o adequada.<\/p>\n<p style=\"text-align: justify;\">O Jornal Metr\u00f3pole esteve no local e constatou que o radar foi instalado logo ap\u00f3s uma curva acentuada. Al\u00e9m da localiza\u00e7\u00e3o estrat\u00e9gica para o flagrante, o dispositivo est\u00e1 parcialmente oculto por vegeta\u00e7\u00e3o, o que dificulta a visualiza\u00e7\u00e3o antecipada pelos motoristas. Outro ponto cr\u00edtico \u00e9 a aus\u00eancia de sinaliza\u00e7\u00e3o vertical progressiva ao longo da via; a \u00fanica placa indicando os 30 km\/h est\u00e1 posicionada muito pr\u00f3xima ao radar, n\u00e3o oferecendo tempo h\u00e1bil para a redu\u00e7\u00e3o segura da velocidade em uma estrada que, em seus demais trechos, n\u00e3o apresenta sinaliza\u00e7\u00e3o clara de limite.<\/p>\n<p style=\"text-align: justify;\">Nas redes sociais, a rea\u00e7\u00e3o da popula\u00e7\u00e3o foi imediata e predominantemente negativa. Centenas de coment\u00e1rios em postagens no Facebook classificam a iniciativa como uma estrat\u00e9gia de arrecada\u00e7\u00e3o da prefeitura, a popular &#8220;ind\u00fastria da multa&#8221;. Moradores questionam o crit\u00e9rio t\u00e9cnico para estabelecer um limite t\u00e3o baixo (30 km\/h) em uma estrada de acesso, sem que haja, por exemplo, a presen\u00e7a de uma escola ou \u00e1rea de grande circula\u00e7\u00e3o de pedestres que justifique tal medida.<\/p>\n<p style=\"text-align: justify;\">O Jornal Metr\u00f3pole enviou uma s\u00e9rie de questionamentos oficiais \u00e0 Prefeitura de Santa Isabel, solicitando o estudo t\u00e9cnico que embasou a escolha do local e da velocidade, al\u00e9m de perguntar sobre a manuten\u00e7\u00e3o da visibilidade do equipamento, conforme exige a Resolu\u00e7\u00e3o 798\/2020 do CONTRAN. No entanto, at\u00e9 o fechamento desta mat\u00e9ria, a administra\u00e7\u00e3o municipal n\u00e3o enviou nenhuma resposta aos questionamentos.<\/p>\n<p style=\"text-align: justify;\">O sil\u00eancio da prefeitura aumenta a sensa\u00e7\u00e3o de inseguran\u00e7a jur\u00eddica entre os condutores, que agora trafegam pela Estrada do Monte Negro sob o temor de san\u00e7\u00f5es em um trecho onde a Secretaria de Tr\u00e2nsito parece priorizar a puni\u00e7\u00e3o em detrimento da educa\u00e7\u00e3o e da seguran\u00e7a vi\u00e1ria.<\/p>\n","protected":false},"excerpt":{"rendered":"<p>A instala\u00e7\u00e3o de um novo radar de velocidade na Estrada Benedito Rodrigues Cardoso, conhecida como Estrada do Monte Negro, tornou-se o principal tema de debates e reclama\u00e7\u00f5es entre os moradores de Santa Isabel nesta semana. O equipamento, configurado para o limite de 30 km\/h, foi posicionado na altura da entrada do Recanto Alpina, em um [&hellip;]<\/p>\n","protected":false},"author":1,"featured_media":28433,"comment_status":"open","ping_status":"open","sticky":false,"template":"","format":"standard","meta":{"footnotes":""},"categories":[2,5,547],"tags":[],"class_list":{"0":"post-28437","1":"post","2":"type-post","3":"status-publish","4":"format-standard","5":"has-post-thumbnail","7":"category-cidades","8":"category-santa-isabel","9":"category-transito"},"_links":{"self":[{"href":"https:\/\/jm-metropole.com.br\/site\/wp-json\/wp\/v2\/posts\/28437","targetHints":{"allow":["GET"]}}],"collection":[{"href":"https:\/\/jm-metropole.com.br\/site\/wp-json\/wp\/v2\/posts"}],"about":[{"href":"https:\/\/jm-metropole.com.br\/site\/wp-json\/wp\/v2\/types\/post"}],"author":[{"embeddable":true,"href":"https:\/\/jm-metropole.com.br\/site\/wp-json\/wp\/v2\/users\/1"}],"replies":[{"embeddable":true,"href":"https:\/\/jm-metropole.com.br\/site\/wp-json\/wp\/v2\/comments?post=28437"}],"version-history":[{"count":1,"href":"https:\/\/jm-metropole.com.br\/site\/wp-json\/wp\/v2\/posts\/28437\/revisions"}],"predecessor-version":[{"id":28438,"href":"https:\/\/jm-metropole.com.br\/site\/wp-json\/wp\/v2\/posts\/28437\/revisions\/28438"}],"wp:featuredmedia":[{"embeddable":true,"href":"https:\/\/jm-metropole.com.br\/site\/wp-json\/wp\/v2\/media\/28433"}],"wp:attachment":[{"href":"https:\/\/jm-metropole.com.br\/site\/wp-json\/wp\/v2\/media?parent=28437"}],"wp:term":[{"taxonomy":"category","embeddable":true,"href":"https:\/\/jm-metropole.com.br\/site\/wp-json\/wp\/v2\/categories?post=28437"},{"taxonomy":"post_tag","embeddable":true,"href":"https:\/\/jm-metropole.com.br\/site\/wp-json\/wp\/v2\/tags?post=28437"}],"curies":[{"name":"wp","href":"https:\/\/api.w.org\/{rel}","templated":true}]}}