{"id":28432,"date":"2026-01-08T17:59:14","date_gmt":"2026-01-08T20:59:14","guid":{"rendered":"https:\/\/jm-metropole.com.br\/site\/?p=28432"},"modified":"2026-01-08T18:00:59","modified_gmt":"2026-01-08T21:00:59","slug":"crise-na-coleta-de-lixo-populacao-de-igarata-reclama-de-servico-precario-e-uso-de-veiculos-improvisados","status":"publish","type":"post","link":"https:\/\/jm-metropole.com.br\/site\/crise-na-coleta-de-lixo-populacao-de-igarata-reclama-de-servico-precario-e-uso-de-veiculos-improvisados\/","title":{"rendered":"CRISE NA COLETA DE LIXO: POPULA\u00c7\u00c3O DE IGARAT\u00c1 RECLAMA DE SERVI\u00c7O PREC\u00c1RIO E USO DE VE\u00cdCULOS IMPROVISADOS"},"content":{"rendered":"<p style=\"text-align: justify;\">A gest\u00e3o da coleta de lixo em Igarat\u00e1 tornou-se alvo de duras cr\u00edticas por parte de moradores e parlamentares nos \u00faltimos meses. O servi\u00e7o, que deveria ter ganhado efici\u00eancia com a troca da empresa prestadora em abril do ano passado, vem apresentando falhas graves, resultando em lixo acumulado nos bairros e hor\u00e1rios de coleta totalmente desorganizados.<\/p>\n<p style=\"text-align: justify;\">O vereador Gilliard Almeida, o Jeguinho, utilizou suas redes sociais para denunciar o descumprimento do contrato por parte da atual empresa. Segundo o parlamentar, a promessa da administra\u00e7\u00e3o municipal de que a nova contratada operaria com tr\u00eas caminh\u00f5es e garagem pr\u00f3pria n\u00e3o est\u00e1 sendo cumprida. Atualmente, o servi\u00e7o estaria sendo realizado com apenas dois caminh\u00f5es e um ve\u00edculo leve, modelo Saveiro. A den\u00fancia aponta ainda que, quando um dos caminh\u00f5es apresenta defeito, a coleta \u00e9 operada por apenas uma unidade, agravando o atraso em toda a cidade.<\/p>\n<p style=\"text-align: justify;\"><img loading=\"lazy\" decoding=\"async\" class=\"alignleft size-medium wp-image-28434\" src=\"https:\/\/jm-metropole.com.br\/site\/wp-content\/uploads\/2026\/01\/WhatsApp-Image-2026-01-07-at-18.30.22-300x146.jpeg\" alt=\"\" width=\"300\" height=\"146\" srcset=\"https:\/\/jm-metropole.com.br\/site\/wp-content\/uploads\/2026\/01\/WhatsApp-Image-2026-01-07-at-18.30.22-300x146.jpeg 300w, https:\/\/jm-metropole.com.br\/site\/wp-content\/uploads\/2026\/01\/WhatsApp-Image-2026-01-07-at-18.30.22-1024x499.jpeg 1024w, https:\/\/jm-metropole.com.br\/site\/wp-content\/uploads\/2026\/01\/WhatsApp-Image-2026-01-07-at-18.30.22-768x374.jpeg 768w, https:\/\/jm-metropole.com.br\/site\/wp-content\/uploads\/2026\/01\/WhatsApp-Image-2026-01-07-at-18.30.22-1536x749.jpeg 1536w, https:\/\/jm-metropole.com.br\/site\/wp-content\/uploads\/2026\/01\/WhatsApp-Image-2026-01-07-at-18.30.22-150x73.jpeg 150w, https:\/\/jm-metropole.com.br\/site\/wp-content\/uploads\/2026\/01\/WhatsApp-Image-2026-01-07-at-18.30.22-600x293.jpeg 600w, https:\/\/jm-metropole.com.br\/site\/wp-content\/uploads\/2026\/01\/WhatsApp-Image-2026-01-07-at-18.30.22-696x339.jpeg 696w, https:\/\/jm-metropole.com.br\/site\/wp-content\/uploads\/2026\/01\/WhatsApp-Image-2026-01-07-at-18.30.22-1392x679.jpeg 1392w, https:\/\/jm-metropole.com.br\/site\/wp-content\/uploads\/2026\/01\/WhatsApp-Image-2026-01-07-at-18.30.22-1068x521.jpeg 1068w, https:\/\/jm-metropole.com.br\/site\/wp-content\/uploads\/2026\/01\/WhatsApp-Image-2026-01-07-at-18.30.22-862x420.jpeg 862w, https:\/\/jm-metropole.com.br\/site\/wp-content\/uploads\/2026\/01\/WhatsApp-Image-2026-01-07-at-18.30.22-533x261.jpeg 533w, https:\/\/jm-metropole.com.br\/site\/wp-content\/uploads\/2026\/01\/WhatsApp-Image-2026-01-07-at-18.30.22-1066x522.jpeg 1066w, https:\/\/jm-metropole.com.br\/site\/wp-content\/uploads\/2026\/01\/WhatsApp-Image-2026-01-07-at-18.30.22.jpeg 1600w\" sizes=\"auto, (max-width: 300px) 100vw, 300px\" \/>Um fato curioso refor\u00e7ou a den\u00fancia do parlamentar nesta semana: uma publica\u00e7\u00e3o de agradecimento feita por uma moradora. No post, ela elogia o esfor\u00e7o dos funcion\u00e1rios que realizaram o recolhimento do lixo em seu bairro, por\u00e9m, a foto que acompanha o texto acabou confirmando a precariedade do servi\u00e7o. A imagem mostra claramente a coleta sendo feita de maneira improvisada em uma picape Saveiro carregada de sacos, comprovando que a empresa n\u00e3o est\u00e1 utilizando os caminh\u00f5es adequados conforme previsto no contrato.<\/p>\n<p style=\"text-align: justify;\">A situa\u00e7\u00e3o de precariedade contrasta com o an\u00fancio feito pelo prefeito Gabriel Prianti em abril de 2025. Na ocasi\u00e3o, o chefe do Executivo garantiu que a mudan\u00e7a geraria uma economia de R$ 30 mil mensais aos cofres p\u00fablicos e que a qualidade seria superior, com a utiliza\u00e7\u00e3o de ve\u00edculos zero quil\u00f4metro. No entanto, o que se v\u00ea nas ruas \u00e9 o ac\u00famulo de res\u00edduos, especialmente ap\u00f3s as festas de final de ano \u2014 per\u00edodo em que o aumento da demanda j\u00e1 era esperado e para o qual a empresa n\u00e3o teria se planejado.<\/p>\n<p style=\"text-align: justify;\">Outro ponto levantado pelo vereador diz respeito \u00e0s condi\u00e7\u00f5es de trabalho dos funcion\u00e1rios, que estariam recebendo sal\u00e1rios inferiores aos praticados anteriormente, resultando em alta rotatividade de pessoal. Diante da confirma\u00e7\u00e3o visual do uso de ve\u00edculos inadequados e das constantes reclama\u00e7\u00f5es, moradores exigem que a prefeitura exer\u00e7a seu papel fiscalizador para que a empresa cumpra o contrato ou que seja realizada a substitui\u00e7\u00e3o da prestadora.<\/p>\n<p style=\"text-align: justify;\">O Jornal Metr\u00f3pole segue acompanhando o caso e mant\u00e9m o espa\u00e7o aberto para que a Prefeitura de Igarat\u00e1 se manifeste sobre as falhas na presta\u00e7\u00e3o do servi\u00e7o e sobre o uso de ve\u00edculos leves na coleta de lixo.<\/p>\n","protected":false},"excerpt":{"rendered":"<p>A gest\u00e3o da coleta de lixo em Igarat\u00e1 tornou-se alvo de duras cr\u00edticas por parte de moradores e parlamentares nos \u00faltimos meses. O servi\u00e7o, que deveria ter ganhado efici\u00eancia com a troca da empresa prestadora em abril do ano passado, vem apresentando falhas graves, resultando em lixo acumulado nos bairros e hor\u00e1rios de coleta totalmente [&hellip;]<\/p>\n","protected":false},"author":1,"featured_media":28435,"comment_status":"open","ping_status":"open","sticky":false,"template":"","format":"standard","meta":{"footnotes":""},"categories":[2,7],"tags":[],"class_list":{"0":"post-28432","1":"post","2":"type-post","3":"status-publish","4":"format-standard","5":"has-post-thumbnail","7":"category-cidades","8":"category-igarata"},"_links":{"self":[{"href":"https:\/\/jm-metropole.com.br\/site\/wp-json\/wp\/v2\/posts\/28432","targetHints":{"allow":["GET"]}}],"collection":[{"href":"https:\/\/jm-metropole.com.br\/site\/wp-json\/wp\/v2\/posts"}],"about":[{"href":"https:\/\/jm-metropole.com.br\/site\/wp-json\/wp\/v2\/types\/post"}],"author":[{"embeddable":true,"href":"https:\/\/jm-metropole.com.br\/site\/wp-json\/wp\/v2\/users\/1"}],"replies":[{"embeddable":true,"href":"https:\/\/jm-metropole.com.br\/site\/wp-json\/wp\/v2\/comments?post=28432"}],"version-history":[{"count":1,"href":"https:\/\/jm-metropole.com.br\/site\/wp-json\/wp\/v2\/posts\/28432\/revisions"}],"predecessor-version":[{"id":28436,"href":"https:\/\/jm-metropole.com.br\/site\/wp-json\/wp\/v2\/posts\/28432\/revisions\/28436"}],"wp:featuredmedia":[{"embeddable":true,"href":"https:\/\/jm-metropole.com.br\/site\/wp-json\/wp\/v2\/media\/28435"}],"wp:attachment":[{"href":"https:\/\/jm-metropole.com.br\/site\/wp-json\/wp\/v2\/media?parent=28432"}],"wp:term":[{"taxonomy":"category","embeddable":true,"href":"https:\/\/jm-metropole.com.br\/site\/wp-json\/wp\/v2\/categories?post=28432"},{"taxonomy":"post_tag","embeddable":true,"href":"https:\/\/jm-metropole.com.br\/site\/wp-json\/wp\/v2\/tags?post=28432"}],"curies":[{"name":"wp","href":"https:\/\/api.w.org\/{rel}","templated":true}]}}