{"id":28162,"date":"2025-11-30T19:00:36","date_gmt":"2025-11-30T22:00:36","guid":{"rendered":"https:\/\/jm-metropole.com.br\/site\/mar-de-gente-rubro-negra-toma-o-rio-em-festa-pelo-tetra-da-libertadores\/"},"modified":"2025-11-30T19:00:39","modified_gmt":"2025-11-30T22:00:39","slug":"mar-de-gente-rubro-negra-toma-o-rio-em-festa-pelo-tetra-da-libertadores","status":"publish","type":"post","link":"https:\/\/jm-metropole.com.br\/site\/mar-de-gente-rubro-negra-toma-o-rio-em-festa-pelo-tetra-da-libertadores\/","title":{"rendered":"Mar de Gente Rubro-Negra Toma o Rio em Festa Pelo Tetra da Libertadores"},"content":{"rendered":"<p>Milhares de torcedores do Flamengo celebraram no Centro do Rio de Janeiro o t\u00edtulo da Libertadores, conquistado no s\u00e1bado. A vit\u00f3ria, selada com um gol de cabe\u00e7a, mobilizou fam\u00edlias e indiv\u00edduos de diferentes partes do estado.<\/p>\n<p>No domingo, a &#8220;Na\u00e7\u00e3o Rubro-Negra&#8221; compareceu em massa para comemorar junto aos jogadores, que percorreram as principais vias da cidade em um caminh\u00e3o do Corpo de Bombeiros. A multid\u00e3o, reunida sob o sol forte, demonstrou o poder de uni\u00e3o proporcionado pelo futebol.<\/p>\n<p>Alguns torcedores compartilharam o significado da vit\u00f3ria, destacando como o esporte oferece motiva\u00e7\u00e3o e al\u00edvio para as dificuldades do cotidiano. Um casal, por exemplo, celebrou o t\u00edtulo em meio \u00e0 alegria pelo resultado negativo de um exame de suspeita de c\u00e2ncer.<\/p>\n<p>Outros viajaram de longe, como uma moradora de S\u00e3o Gon\u00e7alo que, acompanhada da fam\u00edlia, encontrou no futebol uma forma de amenizar a ansiedade e fortalecer os la\u00e7os sociais. Um torcedor de Resende tamb\u00e9m marcou presen\u00e7a, expressando como a vit\u00f3ria do Flamengo contribui para a felicidade geral.<\/p>\n<p>De acordo com um professor aposentado da Uerj, o futebol \u00e9 um dos maiores eventos da cultura de massa no Brasil, capaz de mobilizar paix\u00f5es coletivas e expressar valores simb\u00f3licos. Ele ressalta que o fen\u00f4meno transcende o esporte profissional, permeando a vida social e unindo pessoas de diferentes classes, ra\u00e7as e etnias.<\/p>\n<p>A paix\u00e3o pelo Flamengo tamb\u00e9m \u00e9 transmitida de gera\u00e7\u00e3o em gera\u00e7\u00e3o. Um casal de Mag\u00e9 levou seu filho de nove meses para participar da festa, demonstrando como a tradi\u00e7\u00e3o de torcer pelo clube se mant\u00e9m viva atrav\u00e9s das fam\u00edlias.<\/p>\n<p><em>Fonte: agenciabrasil.ebc.com.br<\/em><\/p>\n","protected":false},"excerpt":{"rendered":"<p>Milhares de torcedores do Flamengo celebraram no Centro do Rio de Janeiro o t\u00edtulo da Libertadores, conquistado no s\u00e1bado. A vit\u00f3ria, selada com um gol de cabe\u00e7a, mobilizou fam\u00edlias e indiv\u00edduos de diferentes partes do estado. No domingo, a &#8220;Na\u00e7\u00e3o Rubro-Negra&#8221; compareceu em massa para comemorar junto aos jogadores, que percorreram as principais vias da [&hellip;]<\/p>\n","protected":false},"author":1,"featured_media":28163,"comment_status":"open","ping_status":"open","sticky":false,"template":"","format":"standard","meta":{"footnotes":""},"categories":[12],"tags":[109,501,145,477,257],"class_list":{"0":"post-28162","1":"post","2":"type-post","3":"status-publish","4":"format-standard","5":"has-post-thumbnail","7":"category-esporte","8":"tag-flamengo","9":"tag-futebol","10":"tag-titulo","11":"tag-torcedores","12":"tag-vitoria"},"_links":{"self":[{"href":"https:\/\/jm-metropole.com.br\/site\/wp-json\/wp\/v2\/posts\/28162","targetHints":{"allow":["GET"]}}],"collection":[{"href":"https:\/\/jm-metropole.com.br\/site\/wp-json\/wp\/v2\/posts"}],"about":[{"href":"https:\/\/jm-metropole.com.br\/site\/wp-json\/wp\/v2\/types\/post"}],"author":[{"embeddable":true,"href":"https:\/\/jm-metropole.com.br\/site\/wp-json\/wp\/v2\/users\/1"}],"replies":[{"embeddable":true,"href":"https:\/\/jm-metropole.com.br\/site\/wp-json\/wp\/v2\/comments?post=28162"}],"version-history":[{"count":1,"href":"https:\/\/jm-metropole.com.br\/site\/wp-json\/wp\/v2\/posts\/28162\/revisions"}],"predecessor-version":[{"id":28164,"href":"https:\/\/jm-metropole.com.br\/site\/wp-json\/wp\/v2\/posts\/28162\/revisions\/28164"}],"wp:featuredmedia":[{"embeddable":true,"href":"https:\/\/jm-metropole.com.br\/site\/wp-json\/wp\/v2\/media\/28163"}],"wp:attachment":[{"href":"https:\/\/jm-metropole.com.br\/site\/wp-json\/wp\/v2\/media?parent=28162"}],"wp:term":[{"taxonomy":"category","embeddable":true,"href":"https:\/\/jm-metropole.com.br\/site\/wp-json\/wp\/v2\/categories?post=28162"},{"taxonomy":"post_tag","embeddable":true,"href":"https:\/\/jm-metropole.com.br\/site\/wp-json\/wp\/v2\/tags?post=28162"}],"curies":[{"name":"wp","href":"https:\/\/api.w.org\/{rel}","templated":true}]}}