{"id":27969,"date":"2025-11-16T19:01:10","date_gmt":"2025-11-16T22:01:10","guid":{"rendered":"https:\/\/jm-metropole.com.br\/site\/diogo-moreira-faz-historia-e-leva-o-mundial-de-moto2\/"},"modified":"2025-11-16T19:01:12","modified_gmt":"2025-11-16T22:01:12","slug":"diogo-moreira-faz-historia-e-leva-o-mundial-de-moto2","status":"publish","type":"post","link":"https:\/\/jm-metropole.com.br\/site\/diogo-moreira-faz-historia-e-leva-o-mundial-de-moto2\/","title":{"rendered":"Diogo Moreira Faz Hist\u00f3ria e Leva o Mundial de Moto2"},"content":{"rendered":"<p>O Brasil tem um novo campe\u00e3o mundial no motociclismo. Diogo Moreira conquistou, neste domingo (16), o t\u00edtulo do Campeonato Mundial de Moto2, a segunda categoria mais importante da MotoGP. A conquista in\u00e9dita faz de Moreira o primeiro piloto brasileiro a alcan\u00e7ar um t\u00edtulo mundial em qualquer categoria da MotoGP.<\/p>\n<p>O piloto da equipe Italtrans Racing Team garantiu o t\u00edtulo na \u00faltima etapa da temporada, disputada em Val\u00eancia, Espanha. Moreira terminou a corrida em 10\u00ba lugar, resultado suficiente para assegurar o campeonato.<\/p>\n<p>O espanhol Manuel Gonzalez, da Liqui Moly Dynavolt Intact GP, era o \u00fanico concorrente com chances de ultrapassar o brasileiro na classifica\u00e7\u00e3o geral. No entanto, problemas t\u00e9cnicos com sua moto o impediram de ter um bom desempenho, terminando a corrida em 22\u00ba lugar.<\/p>\n<p>Com a vit\u00f3ria, Diogo Moreira encerrou a temporada com 286 pontos, garantindo o t\u00edtulo mundial. Manuel Gonz\u00e1lez ficou com o vice-campeonato, somando 257 pontos.<\/p>\n<p><em>Fonte: agenciabrasil.ebc.com.br<\/em><\/p>\n","protected":false},"excerpt":{"rendered":"<p>O Brasil tem um novo campe\u00e3o mundial no motociclismo. Diogo Moreira conquistou, neste domingo (16), o t\u00edtulo do Campeonato Mundial de Moto2, a segunda categoria mais importante da MotoGP. A conquista in\u00e9dita faz de Moreira o primeiro piloto brasileiro a alcan\u00e7ar um t\u00edtulo mundial em qualquer categoria da MotoGP. O piloto da equipe Italtrans Racing [&hellip;]<\/p>\n","protected":false},"author":1,"featured_media":27970,"comment_status":"open","ping_status":"open","sticky":false,"template":"","format":"standard","meta":{"footnotes":""},"categories":[12],"tags":[192,366,365,95,145],"class_list":{"0":"post-27969","1":"post","2":"type-post","3":"status-publish","4":"format-standard","5":"has-post-thumbnail","7":"category-esporte","8":"tag-campeonato","9":"tag-diogo","10":"tag-moreira","11":"tag-mundial","12":"tag-titulo"},"_links":{"self":[{"href":"https:\/\/jm-metropole.com.br\/site\/wp-json\/wp\/v2\/posts\/27969","targetHints":{"allow":["GET"]}}],"collection":[{"href":"https:\/\/jm-metropole.com.br\/site\/wp-json\/wp\/v2\/posts"}],"about":[{"href":"https:\/\/jm-metropole.com.br\/site\/wp-json\/wp\/v2\/types\/post"}],"author":[{"embeddable":true,"href":"https:\/\/jm-metropole.com.br\/site\/wp-json\/wp\/v2\/users\/1"}],"replies":[{"embeddable":true,"href":"https:\/\/jm-metropole.com.br\/site\/wp-json\/wp\/v2\/comments?post=27969"}],"version-history":[{"count":1,"href":"https:\/\/jm-metropole.com.br\/site\/wp-json\/wp\/v2\/posts\/27969\/revisions"}],"predecessor-version":[{"id":27971,"href":"https:\/\/jm-metropole.com.br\/site\/wp-json\/wp\/v2\/posts\/27969\/revisions\/27971"}],"wp:featuredmedia":[{"embeddable":true,"href":"https:\/\/jm-metropole.com.br\/site\/wp-json\/wp\/v2\/media\/27970"}],"wp:attachment":[{"href":"https:\/\/jm-metropole.com.br\/site\/wp-json\/wp\/v2\/media?parent=27969"}],"wp:term":[{"taxonomy":"category","embeddable":true,"href":"https:\/\/jm-metropole.com.br\/site\/wp-json\/wp\/v2\/categories?post=27969"},{"taxonomy":"post_tag","embeddable":true,"href":"https:\/\/jm-metropole.com.br\/site\/wp-json\/wp\/v2\/tags?post=27969"}],"curies":[{"name":"wp","href":"https:\/\/api.w.org\/{rel}","templated":true}]}}