{"id":27915,"date":"2025-11-13T12:01:05","date_gmt":"2025-11-13T15:01:05","guid":{"rendered":"https:\/\/jm-metropole.com.br\/site\/vendas-no-comercio-sofrem-nova-queda-em-setembro-aponta-pesquisa\/"},"modified":"2025-11-13T12:01:07","modified_gmt":"2025-11-13T15:01:07","slug":"vendas-no-comercio-sofrem-nova-queda-em-setembro-aponta-pesquisa","status":"publish","type":"post","link":"https:\/\/jm-metropole.com.br\/site\/vendas-no-comercio-sofrem-nova-queda-em-setembro-aponta-pesquisa\/","title":{"rendered":"Vendas no Com\u00e9rcio Sofrem Nova Queda em Setembro, Aponta Pesquisa"},"content":{"rendered":"<p>As vendas no com\u00e9rcio brasileiro registraram uma queda de 0,3% de agosto para setembro, marcando o quinto resultado negativo em seis meses. Em agosto, o setor havia apresentado um crescimento modesto de 0,1%, mas entre abril e julho, foram contabilizadas quatro retra\u00e7\u00f5es consecutivas.<\/p>\n<p>No acumulado dos \u00faltimos 12 meses, o setor apresenta um crescimento de 2,1%, o menor \u00edndice desde janeiro de 2024. A trajet\u00f3ria do desempenho comercial tem sido decrescente desde abril, quando o crescimento anual atingiu 3,4%.<\/p>\n<p>A an\u00e1lise aponta que o com\u00e9rcio se encontra 1,1% abaixo do pico registrado em mar\u00e7o de 2025, o ponto mais alto da s\u00e9rie hist\u00f3rica iniciada no ano 2000. Fatores como a infla\u00e7\u00e3o e uma base de compara\u00e7\u00e3o elevada em mar\u00e7o contribuem para a estagna\u00e7\u00e3o do setor nos \u00faltimos meses.<\/p>\n<p>Comparado a setembro do ano anterior, houve um aumento de 0,8%. No entanto, o terceiro trimestre demonstra uma retra\u00e7\u00e3o de 0,4% em rela\u00e7\u00e3o ao trimestre anterior. Apesar disso, o com\u00e9rcio brasileiro opera em um patamar 8,9% acima do per\u00edodo que antecedeu a pandemia de Covid-19, em fevereiro de 2020.<\/p>\n<p>Seis dos oito setores analisados apresentaram retra\u00e7\u00e3o de agosto para setembro. Os destaques negativos foram: Livros, jornais, revistas e papelaria (-1,6%); Tecidos, vestu\u00e1rio e cal\u00e7ados (-1,2%); Combust\u00edveis e lubrificantes (-0,9%); Equipamentos e material para escrit\u00f3rio, inform\u00e1tica e comunica\u00e7\u00e3o (-0,9%); M\u00f3veis e Eletrodom\u00e9sticos (-0,5%); Hiper, supermercados, produtos aliment\u00edcios, bebidas e fumo (-0,2%). A queda em livros, jornais e revistas reflete uma tend\u00eancia persistente, impulsionada pela migra\u00e7\u00e3o para outras m\u00eddias, como o livro digital.<\/p>\n<p>No com\u00e9rcio varejista ampliado, que inclui atividades de atacado, o indicador apresentou crescimento de 0,2% de agosto para setembro, com alta de 0,7% no acumulado de 12 meses.<\/p>\n<p><em>Fonte: agenciabrasil.ebc.com.br<\/em><\/p>\n","protected":false},"excerpt":{"rendered":"<p>As vendas no com\u00e9rcio brasileiro registraram uma queda de 0,3% de agosto para setembro, marcando o quinto resultado negativo em seis meses. Em agosto, o setor havia apresentado um crescimento modesto de 0,1%, mas entre abril e julho, foram contabilizadas quatro retra\u00e7\u00f5es consecutivas. No acumulado dos \u00faltimos 12 meses, o setor apresenta um crescimento de [&hellip;]<\/p>\n","protected":false},"author":1,"featured_media":27916,"comment_status":"open","ping_status":"open","sticky":false,"template":"","format":"standard","meta":{"footnotes":""},"categories":[1],"tags":[321,320,322,234,99],"class_list":{"0":"post-27915","1":"post","2":"type-post","3":"status-publish","4":"format-standard","5":"has-post-thumbnail","7":"category-tudo","8":"tag-agosto","9":"tag-comercio","10":"tag-crescimento","11":"tag-meses","12":"tag-setembro"},"_links":{"self":[{"href":"https:\/\/jm-metropole.com.br\/site\/wp-json\/wp\/v2\/posts\/27915","targetHints":{"allow":["GET"]}}],"collection":[{"href":"https:\/\/jm-metropole.com.br\/site\/wp-json\/wp\/v2\/posts"}],"about":[{"href":"https:\/\/jm-metropole.com.br\/site\/wp-json\/wp\/v2\/types\/post"}],"author":[{"embeddable":true,"href":"https:\/\/jm-metropole.com.br\/site\/wp-json\/wp\/v2\/users\/1"}],"replies":[{"embeddable":true,"href":"https:\/\/jm-metropole.com.br\/site\/wp-json\/wp\/v2\/comments?post=27915"}],"version-history":[{"count":1,"href":"https:\/\/jm-metropole.com.br\/site\/wp-json\/wp\/v2\/posts\/27915\/revisions"}],"predecessor-version":[{"id":27917,"href":"https:\/\/jm-metropole.com.br\/site\/wp-json\/wp\/v2\/posts\/27915\/revisions\/27917"}],"wp:featuredmedia":[{"embeddable":true,"href":"https:\/\/jm-metropole.com.br\/site\/wp-json\/wp\/v2\/media\/27916"}],"wp:attachment":[{"href":"https:\/\/jm-metropole.com.br\/site\/wp-json\/wp\/v2\/media?parent=27915"}],"wp:term":[{"taxonomy":"category","embeddable":true,"href":"https:\/\/jm-metropole.com.br\/site\/wp-json\/wp\/v2\/categories?post=27915"},{"taxonomy":"post_tag","embeddable":true,"href":"https:\/\/jm-metropole.com.br\/site\/wp-json\/wp\/v2\/tags?post=27915"}],"curies":[{"name":"wp","href":"https:\/\/api.w.org\/{rel}","templated":true}]}}