{"id":27912,"date":"2025-11-13T09:00:55","date_gmt":"2025-11-13T12:00:55","guid":{"rendered":"https:\/\/jm-metropole.com.br\/site\/recorde-de-participantes-nas-paralimpiadas-escolares-2025\/"},"modified":"2025-11-13T09:01:04","modified_gmt":"2025-11-13T12:01:04","slug":"recorde-de-participantes-nas-paralimpiadas-escolares-2025","status":"publish","type":"post","link":"https:\/\/jm-metropole.com.br\/site\/recorde-de-participantes-nas-paralimpiadas-escolares-2025\/","title":{"rendered":"Recorde de Participantes nas Paralimp\u00edadas Escolares 2025"},"content":{"rendered":"<p>A edi\u00e7\u00e3o de 2025 das Paralimp\u00edadas Escolares alcan\u00e7ou um n\u00famero recorde de 2.056 atletas inscritos. O evento, considerado o maior do mundo para jovens com defici\u00eancia em idade escolar, ter\u00e1 in\u00edcio na pr\u00f3xima segunda-feira, dia 17, no Centro de Treinamento Paral\u00edmpico, localizado em S\u00e3o Paulo.<\/p>\n<p>A competi\u00e7\u00e3o ser\u00e1 dividida em duas fases. Na primeira, que se estender\u00e1 de 17 a 21 de novembro, os atletas disputar\u00e3o modalidades como atletismo, t\u00eanis em cadeira de rodas, halterofilismo, futebol de cegos, basquete em cadeira de rodas 3&#215;3, goalball, taekwondo e r\u00fagbi em cadeira de rodas.<\/p>\n<p>Na semana seguinte, de 26 a 28 de novembro, ser\u00e1 a vez dos competidores nas modalidades de nata\u00e7\u00e3o, v\u00f4lei sentado, futebol PC (paralisados cerebrais), jud\u00f4, badminton, t\u00eanis de mesa e bocha entrarem em a\u00e7\u00e3o.<\/p>\n<p>Os 2.056 atletas participantes representam as 27 unidades federativas do pa\u00eds e possuem idades entre 10 e 18 anos. O estado de S\u00e3o Paulo lidera o n\u00famero de participantes, com 316 atletas, seguido por Minas Gerais, com 181, e Santa Catarina, com 177.<\/p>\n<p><em>Fonte: agenciabrasil.ebc.com.br<\/em><\/p>\n","protected":false},"excerpt":{"rendered":"<p>A edi\u00e7\u00e3o de 2025 das Paralimp\u00edadas Escolares alcan\u00e7ou um n\u00famero recorde de 2.056 atletas inscritos. O evento, considerado o maior do mundo para jovens com defici\u00eancia em idade escolar, ter\u00e1 in\u00edcio na pr\u00f3xima segunda-feira, dia 17, no Centro de Treinamento Paral\u00edmpico, localizado em S\u00e3o Paulo. A competi\u00e7\u00e3o ser\u00e1 dividida em duas fases. Na primeira, que [&hellip;]<\/p>\n","protected":false},"author":1,"featured_media":27913,"comment_status":"open","ping_status":"open","sticky":false,"template":"","format":"standard","meta":{"footnotes":""},"categories":[12],"tags":[317,318,303,212,319],"class_list":{"0":"post-27912","1":"post","2":"type-post","3":"status-publish","4":"format-standard","5":"has-post-thumbnail","7":"category-esporte","8":"tag-atletas","9":"tag-cadeira","10":"tag-numero","11":"tag-paulo","12":"tag-rodas"},"_links":{"self":[{"href":"https:\/\/jm-metropole.com.br\/site\/wp-json\/wp\/v2\/posts\/27912","targetHints":{"allow":["GET"]}}],"collection":[{"href":"https:\/\/jm-metropole.com.br\/site\/wp-json\/wp\/v2\/posts"}],"about":[{"href":"https:\/\/jm-metropole.com.br\/site\/wp-json\/wp\/v2\/types\/post"}],"author":[{"embeddable":true,"href":"https:\/\/jm-metropole.com.br\/site\/wp-json\/wp\/v2\/users\/1"}],"replies":[{"embeddable":true,"href":"https:\/\/jm-metropole.com.br\/site\/wp-json\/wp\/v2\/comments?post=27912"}],"version-history":[{"count":1,"href":"https:\/\/jm-metropole.com.br\/site\/wp-json\/wp\/v2\/posts\/27912\/revisions"}],"predecessor-version":[{"id":27914,"href":"https:\/\/jm-metropole.com.br\/site\/wp-json\/wp\/v2\/posts\/27912\/revisions\/27914"}],"wp:featuredmedia":[{"embeddable":true,"href":"https:\/\/jm-metropole.com.br\/site\/wp-json\/wp\/v2\/media\/27913"}],"wp:attachment":[{"href":"https:\/\/jm-metropole.com.br\/site\/wp-json\/wp\/v2\/media?parent=27912"}],"wp:term":[{"taxonomy":"category","embeddable":true,"href":"https:\/\/jm-metropole.com.br\/site\/wp-json\/wp\/v2\/categories?post=27912"},{"taxonomy":"post_tag","embeddable":true,"href":"https:\/\/jm-metropole.com.br\/site\/wp-json\/wp\/v2\/tags?post=27912"}],"curies":[{"name":"wp","href":"https:\/\/api.w.org\/{rel}","templated":true}]}}