{"id":27905,"date":"2025-11-12T19:01:30","date_gmt":"2025-11-12T22:01:30","guid":{"rendered":"https:\/\/jm-metropole.com.br\/site\/mundial-de-volei-de-praia-comeca-na-australia-com-forca-brasileira\/"},"modified":"2025-11-12T19:01:32","modified_gmt":"2025-11-12T22:01:32","slug":"mundial-de-volei-de-praia-comeca-na-australia-com-forca-brasileira","status":"publish","type":"post","link":"https:\/\/jm-metropole.com.br\/site\/mundial-de-volei-de-praia-comeca-na-australia-com-forca-brasileira\/","title":{"rendered":"Mundial de V\u00f4lei de Praia Come\u00e7a na Austr\u00e1lia com For\u00e7a Brasileira"},"content":{"rendered":"<p>O Brasil, detentor do t\u00edtulo de maior campe\u00e3o mundial de v\u00f4lei de praia, inicia sua jornada na 15\u00aa edi\u00e7\u00e3o da competi\u00e7\u00e3o nesta quinta-feira, na cidade de Adelaide, Austr\u00e1lia, palco in\u00e9dito do evento. A delega\u00e7\u00e3o brasileira conta com sete duplas, incluindo Duda e Ana Patr\u00edcia, as atuais campe\u00e3s ol\u00edmpicas.<\/p>\n<p>Duda e Ana Patr\u00edcia, que j\u00e1 conquistaram ouro e prata nos mundiais de Roma (2022) e Tlaxcala (2023), respectivamente, ser\u00e3o as primeiras brasileiras a entrar em quadra. Elas enfrentar\u00e3o a dupla local Phillipse e Mears, em partida v\u00e1lida pelo Grupo F, com in\u00edcio previsto para as 20h30 (hor\u00e1rio de Bras\u00edlia).<\/p>\n<p>&#8220;Copa do Mundo sempre \u00e9 um torneio muito especial. Esse ano foi muito dif\u00edcil, mas a partir do meio do ano fizemos \u00f3timas etapas no Circuito Mundial, ent\u00e3o a gente est\u00e1 feliz com a nossa evolu\u00e7\u00e3o. O que a gente espera \u00e9 dar nosso melhor dentro de quadra, ir jogo a jogo porque \u00e9 um torneio muito longo&#8221;, declarou Duda.<\/p>\n<p>Al\u00e9m delas, a dupla estreante Th\u00e2mela e Vic tamb\u00e9m far\u00e1 sua estreia no Mundial, liderando o ranking. Elas enfrentar\u00e3o as peruanas Gaona e Allcca, \u00e0s 21h30, pelo Grupo A.<\/p>\n<p>\u201c\u00c9 minha primeira Copa do Mundo, nossa primeira como time. A gente est\u00e1 muito feliz de estar aqui, e estar como ranking 1 \u00e9 algo que a gente mais lutou para conquistar. A gente queria muito se estabelecer no ranking, sabia que ia fazer diferen\u00e7a. A gente quer aproveitar muito essa Copa do Mundo, curtir muito cada jogo, cada ponto, cada momento\u201d, afirmou Th\u00e2mela, de 25 anos.<\/p>\n<p>Fechando o primeiro dia de competi\u00e7\u00f5es, Evandro e Arthur Lanci, ocupantes da quarta posi\u00e7\u00e3o no ranking, enfrentar\u00e3o os nicaraguenses Mora e Lopez, \u00e0s 23h30, em partida do Grupo D. Evandro, com experi\u00eancia em mundiais, j\u00e1 conquistou um ouro e um bronze.<\/p>\n<p>O Brasil tamb\u00e9m ser\u00e1 representado pelas duplas Carol Solberg e Rebecca; Vit\u00f3ria e Heg\u00ea; George e Saymon; e Andr\u00e9 e Renato. O pa\u00eds busca manter seu hist\u00f3rico de sucesso no Mundial, onde acumula 35 medalhas (13 ouros, 11 pratas e 11 bronzes).<\/p>\n<p>O torneio re\u00fane um total de 96 duplas, 48 em cada g\u00eanero, divididas em 12 chaves de quatro. As duas melhores duplas de cada grupo, ap\u00f3s a fase de grupos, avan\u00e7am diretamente para a fase eliminat\u00f3ria, juntamente com os quatro melhores terceiros colocados. A decis\u00e3o do t\u00edtulo mundial est\u00e1 agendada para o dia 23 de novembro.<\/p>\n<p><em>Fonte: agenciabrasil.ebc.com.br<\/em><\/p>\n","protected":false},"excerpt":{"rendered":"<p>O Brasil, detentor do t\u00edtulo de maior campe\u00e3o mundial de v\u00f4lei de praia, inicia sua jornada na 15\u00aa edi\u00e7\u00e3o da competi\u00e7\u00e3o nesta quinta-feira, na cidade de Adelaide, Austr\u00e1lia, palco in\u00e9dito do evento. A delega\u00e7\u00e3o brasileira conta com sete duplas, incluindo Duda e Ana Patr\u00edcia, as atuais campe\u00e3s ol\u00edmpicas. Duda e Ana Patr\u00edcia, que j\u00e1 conquistaram [&hellip;]<\/p>\n","protected":false},"author":1,"featured_media":27906,"comment_status":"open","ping_status":"open","sticky":false,"template":"","format":"standard","meta":{"footnotes":""},"categories":[12],"tags":[313,126,312,237,95],"class_list":{"0":"post-27905","1":"post","2":"type-post","3":"status-publish","4":"format-standard","5":"has-post-thumbnail","7":"category-esporte","8":"tag-cada","9":"tag-duplas","10":"tag-gente","11":"tag-grupo","12":"tag-mundial"},"_links":{"self":[{"href":"https:\/\/jm-metropole.com.br\/site\/wp-json\/wp\/v2\/posts\/27905","targetHints":{"allow":["GET"]}}],"collection":[{"href":"https:\/\/jm-metropole.com.br\/site\/wp-json\/wp\/v2\/posts"}],"about":[{"href":"https:\/\/jm-metropole.com.br\/site\/wp-json\/wp\/v2\/types\/post"}],"author":[{"embeddable":true,"href":"https:\/\/jm-metropole.com.br\/site\/wp-json\/wp\/v2\/users\/1"}],"replies":[{"embeddable":true,"href":"https:\/\/jm-metropole.com.br\/site\/wp-json\/wp\/v2\/comments?post=27905"}],"version-history":[{"count":1,"href":"https:\/\/jm-metropole.com.br\/site\/wp-json\/wp\/v2\/posts\/27905\/revisions"}],"predecessor-version":[{"id":27907,"href":"https:\/\/jm-metropole.com.br\/site\/wp-json\/wp\/v2\/posts\/27905\/revisions\/27907"}],"wp:featuredmedia":[{"embeddable":true,"href":"https:\/\/jm-metropole.com.br\/site\/wp-json\/wp\/v2\/media\/27906"}],"wp:attachment":[{"href":"https:\/\/jm-metropole.com.br\/site\/wp-json\/wp\/v2\/media?parent=27905"}],"wp:term":[{"taxonomy":"category","embeddable":true,"href":"https:\/\/jm-metropole.com.br\/site\/wp-json\/wp\/v2\/categories?post=27905"},{"taxonomy":"post_tag","embeddable":true,"href":"https:\/\/jm-metropole.com.br\/site\/wp-json\/wp\/v2\/tags?post=27905"}],"curies":[{"name":"wp","href":"https:\/\/api.w.org\/{rel}","templated":true}]}}