{"id":279,"date":"2022-01-07T19:19:00","date_gmt":"2022-01-07T22:19:00","guid":{"rendered":"https:\/\/jm-metropole.com.br\/site\/?p=279"},"modified":"2022-01-07T19:19:00","modified_gmt":"2022-01-07T22:19:00","slug":"romu-apreende-mais-de-300-involucros-com-entorpecentes-em-poa","status":"publish","type":"post","link":"https:\/\/jm-metropole.com.br\/site\/romu-apreende-mais-de-300-involucros-com-entorpecentes-em-poa\/","title":{"rendered":"ROMU apreende mais de 300 inv\u00f3lucros com entorpecentes em Po\u00e1"},"content":{"rendered":"<p><em>Nesta quinta e sexta-feira (06 e 07\/01), houve ocorr\u00eancias nos bairros Vila Am\u00e9lia e Calmon Viana; dois homens foram presos em flagrante por tr\u00e1fico de drogas<\/em><\/p>\n<p>A equipe da Ronda Ostensiva Municipal (ROMU), da Guarda Civil Municipal (GCM) de Po\u00e1, realizou a apreens\u00e3o de 343 inv\u00f3lucros contendo drogas il\u00edcitas durante duas ocorr\u00eancias nesta quinta e sexta-feira (06 e 07\/01), nos bairros Vila Am\u00e9lia e Calmon Viana. Dois indiv\u00edduos foram presos em flagrante por tr\u00e1fico de entorpecentes.<\/p>\n<p>A maior quantidade de drogas foi apreendida durante o patrulhamento preventivo realizado pelos agentes, nesta quinta-feira (06\/01), na avenida Dom Pedro II, na Vila Am\u00e9lia, quando a equipe avistou um indiv\u00edduo adentrando em um terreno baldio em atitude suspeita. \u201cAo perceberem a movimenta\u00e7\u00e3o, os agentes decidiram pela abordagem, mas o homem empreendeu fuga ao perceber a aproxima\u00e7\u00e3o, conseguindo se evadir do local\u201d, destacou o comandante da Guarda Municipal, Alexandre Guarnieri.<\/p>\n<p><img loading=\"lazy\" decoding=\"async\" class=\"size-medium wp-image-280 aligncenter\" src=\"https:\/\/jm-metropole.com.br\/site\/wp-content\/uploads\/2022\/01\/WhatsApp-Image-2022-01-07-at-18.23.47-300x206.jpeg\" alt=\"\" width=\"300\" height=\"206\" srcset=\"https:\/\/jm-metropole.com.br\/site\/wp-content\/uploads\/2022\/01\/WhatsApp-Image-2022-01-07-at-18.23.47-300x206.jpeg 300w, https:\/\/jm-metropole.com.br\/site\/wp-content\/uploads\/2022\/01\/WhatsApp-Image-2022-01-07-at-18.23.47-1024x704.jpeg 1024w, https:\/\/jm-metropole.com.br\/site\/wp-content\/uploads\/2022\/01\/WhatsApp-Image-2022-01-07-at-18.23.47-768x528.jpeg 768w, https:\/\/jm-metropole.com.br\/site\/wp-content\/uploads\/2022\/01\/WhatsApp-Image-2022-01-07-at-18.23.47-150x103.jpeg 150w, https:\/\/jm-metropole.com.br\/site\/wp-content\/uploads\/2022\/01\/WhatsApp-Image-2022-01-07-at-18.23.47-218x150.jpeg 218w, https:\/\/jm-metropole.com.br\/site\/wp-content\/uploads\/2022\/01\/WhatsApp-Image-2022-01-07-at-18.23.47-696x479.jpeg 696w, https:\/\/jm-metropole.com.br\/site\/wp-content\/uploads\/2022\/01\/WhatsApp-Image-2022-01-07-at-18.23.47-1068x735.jpeg 1068w, https:\/\/jm-metropole.com.br\/site\/wp-content\/uploads\/2022\/01\/WhatsApp-Image-2022-01-07-at-18.23.47.jpeg 1144w\" sizes=\"auto, (max-width: 300px) 100vw, 300px\" \/><\/p>\n<p>De acordo com o respons\u00e1vel pela corpora\u00e7\u00e3o, durante a fuga, o suspeito dispensou uma sacola que, posteriormente, foi recuperada pelos agentes. \u201cNa sacola, foram encontrados 132 inv\u00f3lucros de maconha, 38 de coca\u00edna, 94 de crack e 11 de ecstasy. O material foi apreendido e encaminhado para a Delegacia de Itaquaquecetuba, onde foi registrada a ocorr\u00eancia\u201d, salientou o comandante.<\/p>\n<p>A segunda apreens\u00e3o ocorreu na tarde desta sexta-feira (07\/01), na rua Monte Alegre, Calmon Viana, onde a equipe da ROMU avistou dois indiv\u00edduos, sendo que um deles estava portando uma sacola. \u201cAmbos tentaram se evadir do local ao perceberem a presen\u00e7a dos agentes, mas foram capturados logo em seguida. Em revista pessoal, nada foi encontrado com eles, por\u00e9m a equipe recuperou a sacola dispensada durante a tentativa de fuga. Na mesma foram encontrados 52 inv\u00f3lucros de coca\u00edna e 16 de maconha, al\u00e9m de R$ 405 em dinheiro. Todo o material das duas apreens\u00f5es, assim como os dois homens, foram encaminhados \u00e0 Delegacia de Itaquaquecetuba, onde foram registradas as ocorr\u00eancias\u201d, finalizou Guarnieri.<\/p>\n<p>FOTOS: Divulga\u00e7\u00e3o<\/p>\n","protected":false},"excerpt":{"rendered":"<p>Nesta quinta e sexta-feira (06 e 07\/01), houve ocorr\u00eancias nos bairros Vila Am\u00e9lia e Calmon Viana; dois homens foram presos em flagrante por tr\u00e1fico de drogas A equipe da Ronda Ostensiva Municipal (ROMU), da Guarda Civil Municipal (GCM) de Po\u00e1, realizou a apreens\u00e3o de 343 inv\u00f3lucros contendo drogas il\u00edcitas durante duas ocorr\u00eancias nesta quinta e [&hellip;]<\/p>\n","protected":false},"author":1,"featured_media":281,"comment_status":"open","ping_status":"open","sticky":false,"template":"","format":"standard","meta":{"footnotes":""},"categories":[19],"tags":[],"class_list":{"0":"post-279","1":"post","2":"type-post","3":"status-publish","4":"format-standard","5":"has-post-thumbnail","7":"category-poa"},"_links":{"self":[{"href":"https:\/\/jm-metropole.com.br\/site\/wp-json\/wp\/v2\/posts\/279","targetHints":{"allow":["GET"]}}],"collection":[{"href":"https:\/\/jm-metropole.com.br\/site\/wp-json\/wp\/v2\/posts"}],"about":[{"href":"https:\/\/jm-metropole.com.br\/site\/wp-json\/wp\/v2\/types\/post"}],"author":[{"embeddable":true,"href":"https:\/\/jm-metropole.com.br\/site\/wp-json\/wp\/v2\/users\/1"}],"replies":[{"embeddable":true,"href":"https:\/\/jm-metropole.com.br\/site\/wp-json\/wp\/v2\/comments?post=279"}],"version-history":[{"count":1,"href":"https:\/\/jm-metropole.com.br\/site\/wp-json\/wp\/v2\/posts\/279\/revisions"}],"predecessor-version":[{"id":283,"href":"https:\/\/jm-metropole.com.br\/site\/wp-json\/wp\/v2\/posts\/279\/revisions\/283"}],"wp:featuredmedia":[{"embeddable":true,"href":"https:\/\/jm-metropole.com.br\/site\/wp-json\/wp\/v2\/media\/281"}],"wp:attachment":[{"href":"https:\/\/jm-metropole.com.br\/site\/wp-json\/wp\/v2\/media?parent=279"}],"wp:term":[{"taxonomy":"category","embeddable":true,"href":"https:\/\/jm-metropole.com.br\/site\/wp-json\/wp\/v2\/categories?post=279"},{"taxonomy":"post_tag","embeddable":true,"href":"https:\/\/jm-metropole.com.br\/site\/wp-json\/wp\/v2\/tags?post=279"}],"curies":[{"name":"wp","href":"https:\/\/api.w.org\/{rel}","templated":true}]}}