{"id":27899,"date":"2025-11-12T17:00:54","date_gmt":"2025-11-12T20:00:54","guid":{"rendered":"https:\/\/jm-metropole.com.br\/site\/mauro-vieira-e-marco-rubio-negociam-fim-de-tarifas-em-encontro-bilateral\/"},"modified":"2025-11-12T17:00:56","modified_gmt":"2025-11-12T20:00:56","slug":"mauro-vieira-e-marco-rubio-negociam-fim-de-tarifas-em-encontro-bilateral","status":"publish","type":"post","link":"https:\/\/jm-metropole.com.br\/site\/mauro-vieira-e-marco-rubio-negociam-fim-de-tarifas-em-encontro-bilateral\/","title":{"rendered":"Mauro Vieira e Marco Rubio Negociam Fim de Tarifas em Encontro Bilateral"},"content":{"rendered":"<p>O ministro das Rela\u00e7\u00f5es Exteriores, Mauro Vieira, e o secret\u00e1rio de Estado norte-americano, Marco Rubio, reuniram-se nesta quarta-feira em Ni\u00e1gara, no Canad\u00e1, durante a reuni\u00e3o do G7. O encontro teve como foco principal o progresso nas negocia\u00e7\u00f5es bilaterais sobre tarifas comerciais entre Brasil e Estados Unidos.<\/p>\n<p>Segundo informa\u00e7\u00f5es, o Brasil apresentou uma proposta de negocia\u00e7\u00e3o aos Estados Unidos no dia 4 de novembro, ap\u00f3s uma reuni\u00e3o virtual entre as equipes t\u00e9cnicas dos dois pa\u00edses. Vieira enfatizou a import\u00e2ncia de avan\u00e7ar nas discuss\u00f5es, seguindo as orienta\u00e7\u00f5es dos presidentes Luiz In\u00e1cio Lula da Silva e Donald Trump, que abordaram o tema em um encontro recente na Mal\u00e1sia.<\/p>\n<p>Os ministros concordaram em realizar uma nova reuni\u00e3o presencial em breve para discutir o andamento das negocia\u00e7\u00f5es e buscar um entendimento sobre as medidas tarif\u00e1rias.<\/p>\n<p>Em outubro, o presidente Lula se reuniu com Trump em Kuala Lumpur, na Mal\u00e1sia, durante a 47\u00aa C\u00fapula da Associa\u00e7\u00e3o de Na\u00e7\u00f5es do Sudeste Asi\u00e1tico (Asean). Na ocasi\u00e3o, Lula defendeu que n\u00e3o h\u00e1 raz\u00e3o para desaven\u00e7as com os Estados Unidos e solicitou a Trump a suspens\u00e3o imediata das tarifas sobre as exporta\u00e7\u00f5es brasileiras durante as negocia\u00e7\u00f5es.<\/p>\n<p>Em julho, o governo Trump anunciou uma tarifa de 50% sobre todos os produtos brasileiros exportados para os Estados Unidos, al\u00e9m de outras san\u00e7\u00f5es. Na semana passada, Lula mencionou que telefonaria novamente para Trump caso n\u00e3o houvesse progresso nas negocia\u00e7\u00f5es comerciais at\u00e9 o final da Confer\u00eancia das Na\u00e7\u00f5es Unidas sobre Mudan\u00e7as Clim\u00e1ticas (COP30) em Bel\u00e9m.<\/p>\n<p><em>Fonte: agenciabrasil.ebc.com.br<\/em><\/p>\n","protected":false},"excerpt":{"rendered":"<p>O ministro das Rela\u00e7\u00f5es Exteriores, Mauro Vieira, e o secret\u00e1rio de Estado norte-americano, Marco Rubio, reuniram-se nesta quarta-feira em Ni\u00e1gara, no Canad\u00e1, durante a reuni\u00e3o do G7. O encontro teve como foco principal o progresso nas negocia\u00e7\u00f5es bilaterais sobre tarifas comerciais entre Brasil e Estados Unidos. Segundo informa\u00e7\u00f5es, o Brasil apresentou uma proposta de negocia\u00e7\u00e3o [&hellip;]<\/p>\n","protected":false},"author":1,"featured_media":27900,"comment_status":"open","ping_status":"open","sticky":false,"template":"","format":"standard","meta":{"footnotes":""},"categories":[30],"tags":[175,308,168,174,176],"class_list":{"0":"post-27899","1":"post","2":"type-post","3":"status-publish","4":"format-standard","5":"has-post-thumbnail","7":"category-internacional","8":"tag-estados","9":"tag-negociacoes","10":"tag-sobre","11":"tag-trump","12":"tag-unidos"},"_links":{"self":[{"href":"https:\/\/jm-metropole.com.br\/site\/wp-json\/wp\/v2\/posts\/27899","targetHints":{"allow":["GET"]}}],"collection":[{"href":"https:\/\/jm-metropole.com.br\/site\/wp-json\/wp\/v2\/posts"}],"about":[{"href":"https:\/\/jm-metropole.com.br\/site\/wp-json\/wp\/v2\/types\/post"}],"author":[{"embeddable":true,"href":"https:\/\/jm-metropole.com.br\/site\/wp-json\/wp\/v2\/users\/1"}],"replies":[{"embeddable":true,"href":"https:\/\/jm-metropole.com.br\/site\/wp-json\/wp\/v2\/comments?post=27899"}],"version-history":[{"count":1,"href":"https:\/\/jm-metropole.com.br\/site\/wp-json\/wp\/v2\/posts\/27899\/revisions"}],"predecessor-version":[{"id":27901,"href":"https:\/\/jm-metropole.com.br\/site\/wp-json\/wp\/v2\/posts\/27899\/revisions\/27901"}],"wp:featuredmedia":[{"embeddable":true,"href":"https:\/\/jm-metropole.com.br\/site\/wp-json\/wp\/v2\/media\/27900"}],"wp:attachment":[{"href":"https:\/\/jm-metropole.com.br\/site\/wp-json\/wp\/v2\/media?parent=27899"}],"wp:term":[{"taxonomy":"category","embeddable":true,"href":"https:\/\/jm-metropole.com.br\/site\/wp-json\/wp\/v2\/categories?post=27899"},{"taxonomy":"post_tag","embeddable":true,"href":"https:\/\/jm-metropole.com.br\/site\/wp-json\/wp\/v2\/tags?post=27899"}],"curies":[{"name":"wp","href":"https:\/\/api.w.org\/{rel}","templated":true}]}}