{"id":27887,"date":"2025-11-12T07:00:53","date_gmt":"2025-11-12T10:00:53","guid":{"rendered":"https:\/\/jm-metropole.com.br\/site\/brasil-lidera-turismo-mundial-reeleito-para-presidencia-da-onu-turismo\/"},"modified":"2025-11-12T07:00:56","modified_gmt":"2025-11-12T10:00:56","slug":"brasil-lidera-turismo-mundial-reeleito-para-presidencia-da-onu-turismo","status":"publish","type":"post","link":"https:\/\/jm-metropole.com.br\/site\/brasil-lidera-turismo-mundial-reeleito-para-presidencia-da-onu-turismo\/","title":{"rendered":"Brasil Lidera Turismo Mundial: Reeleito para Presid\u00eancia da ONU Turismo"},"content":{"rendered":"<p>O Brasil foi reeleito para a presid\u00eancia do Conselho Executivo da ONU Turismo,  especializada das Na\u00e7\u00f5es Unidas, em vota\u00e7\u00e3o realizada nesta ter\u00e7a-feira, em Riade, Ar\u00e1bia Saudita. A vit\u00f3ria, com um placar de 21 a 13, foi sobre a Eslov\u00eania.<\/p>\n<p>A elei\u00e7\u00e3o ocorreu durante a 125\u00aa reuni\u00e3o do Conselho Executivo, \u00f3rg\u00e3o respons\u00e1vel por promover o turismo respons\u00e1vel, sustent\u00e1vel e acess\u00edvel globalmente. A decis\u00e3o mant\u00e9m o pa\u00eds na lideran\u00e7a das decis\u00f5es estrat\u00e9gicas do setor, abrangendo \u00e1reas como atra\u00e7\u00e3o de investimentos, qualifica\u00e7\u00e3o profissional, sustentabilidade, a rela\u00e7\u00e3o com as mudan\u00e7as clim\u00e1ticas e a digitaliza\u00e7\u00e3o.<\/p>\n<p>Al\u00e9m da reelei\u00e7\u00e3o do Brasil, a Eslov\u00eania foi designada como primeira vice-presidente do \u00f3rg\u00e3o, enquanto a China ocupar\u00e1 o cargo de segunda vice-presidente.<\/p>\n<p>Com a recondu\u00e7\u00e3o ao cargo, o ministro do Turismo do Brasil, Celso Sabino, permanecer\u00e1 \u00e0 frente do \u00f3rg\u00e3o at\u00e9 2026. O Minist\u00e9rio do Turismo (MTur) destacou que a escolha reafirma a lideran\u00e7a do pa\u00eds no cen\u00e1rio tur\u00edstico mundial.<\/p>\n<p>O encontro marcou a despedida do atual Secret\u00e1rio-Geral da ONU Turismo, Zurab Pololikashvili, ap\u00f3s oito anos de gest\u00e3o. Shaikha Nasser Al Nowais, dos Emirados \u00c1rabes Unidos, assumir\u00e1 o cargo, tornando-se a primeira mulher a ser eleita Secret\u00e1ria-Geral em 50 anos da entidade.<\/p>\n<p>A secret\u00e1ria-executiva do Minist\u00e9rio do Turismo, Ana Carla Lopes, que representou o Brasil na reuni\u00e3o, expressou confian\u00e7a de que a ONU Turismo, sob a presid\u00eancia brasileira, ter\u00e1 um ano de grande sucesso para o turismo mundial.<\/p>\n<p>Enquanto isso, o ministro Celso Sabino, participante da COP30 em Bel\u00e9m, ressaltou avan\u00e7os recentes na gest\u00e3o do turismo brasileiro, incluindo a inaugura\u00e7\u00e3o do primeiro escrit\u00f3rio da ONU Turismo nas Am\u00e9ricas, no Rio de Janeiro, e a cria\u00e7\u00e3o de comit\u00eas dedicados a m\u00e9rito e a\u00e7\u00f5es clim\u00e1ticas.<\/p>\n<p>Dados da  Brasileira de Promo\u00e7\u00e3o Internacional do Turismo (Embratur), em colabora\u00e7\u00e3o com o Minist\u00e9rio do Turismo e a Pol\u00edcia Federal, indicam um crescimento significativo no turismo internacional no Brasil. De janeiro a outubro de 2025, o pa\u00eds registrou 7.686.549 chegadas, um recorde e um aumento de 42,2% em rela\u00e7\u00e3o ao mesmo per\u00edodo de 2024. A Argentina continua sendo o principal pa\u00eds emissor de turistas para o Brasil, seguida por Chile e Estados Unidos.<\/p>\n<p><em>Fonte: agenciabrasil.ebc.com.br<\/em><\/p>\n","protected":false},"excerpt":{"rendered":"<p>O Brasil foi reeleito para a presid\u00eancia do Conselho Executivo da ONU Turismo, especializada das Na\u00e7\u00f5es Unidas, em vota\u00e7\u00e3o realizada nesta ter\u00e7a-feira, em Riade, Ar\u00e1bia Saudita. A vit\u00f3ria, com um placar de 21 a 13, foi sobre a Eslov\u00eania. A elei\u00e7\u00e3o ocorreu durante a 125\u00aa reuni\u00e3o do Conselho Executivo, \u00f3rg\u00e3o respons\u00e1vel por promover o turismo [&hellip;]<\/p>\n","protected":false},"author":1,"featured_media":27888,"comment_status":"open","ping_status":"open","sticky":false,"template":"","format":"standard","meta":{"footnotes":""},"categories":[30],"tags":[141,118,298,297,296],"class_list":{"0":"post-27887","1":"post","2":"type-post","3":"status-publish","4":"format-standard","5":"has-post-thumbnail","7":"category-internacional","8":"tag-brasil","9":"tag-onu","10":"tag-orgao","11":"tag-pais","12":"tag-turismo"},"_links":{"self":[{"href":"https:\/\/jm-metropole.com.br\/site\/wp-json\/wp\/v2\/posts\/27887","targetHints":{"allow":["GET"]}}],"collection":[{"href":"https:\/\/jm-metropole.com.br\/site\/wp-json\/wp\/v2\/posts"}],"about":[{"href":"https:\/\/jm-metropole.com.br\/site\/wp-json\/wp\/v2\/types\/post"}],"author":[{"embeddable":true,"href":"https:\/\/jm-metropole.com.br\/site\/wp-json\/wp\/v2\/users\/1"}],"replies":[{"embeddable":true,"href":"https:\/\/jm-metropole.com.br\/site\/wp-json\/wp\/v2\/comments?post=27887"}],"version-history":[{"count":1,"href":"https:\/\/jm-metropole.com.br\/site\/wp-json\/wp\/v2\/posts\/27887\/revisions"}],"predecessor-version":[{"id":27889,"href":"https:\/\/jm-metropole.com.br\/site\/wp-json\/wp\/v2\/posts\/27887\/revisions\/27889"}],"wp:featuredmedia":[{"embeddable":true,"href":"https:\/\/jm-metropole.com.br\/site\/wp-json\/wp\/v2\/media\/27888"}],"wp:attachment":[{"href":"https:\/\/jm-metropole.com.br\/site\/wp-json\/wp\/v2\/media?parent=27887"}],"wp:term":[{"taxonomy":"category","embeddable":true,"href":"https:\/\/jm-metropole.com.br\/site\/wp-json\/wp\/v2\/categories?post=27887"},{"taxonomy":"post_tag","embeddable":true,"href":"https:\/\/jm-metropole.com.br\/site\/wp-json\/wp\/v2\/tags?post=27887"}],"curies":[{"name":"wp","href":"https:\/\/api.w.org\/{rel}","templated":true}]}}