{"id":27878,"date":"2025-11-11T17:00:55","date_gmt":"2025-11-11T20:00:55","guid":{"rendered":"https:\/\/jm-metropole.com.br\/site\/homem-bomba-ataca-tribunal-em-islamabad-dezenas-de-mortos-e-feridos\/"},"modified":"2025-11-11T17:00:58","modified_gmt":"2025-11-11T20:00:58","slug":"homem-bomba-ataca-tribunal-em-islamabad-dezenas-de-mortos-e-feridos","status":"publish","type":"post","link":"https:\/\/jm-metropole.com.br\/site\/homem-bomba-ataca-tribunal-em-islamabad-dezenas-de-mortos-e-feridos\/","title":{"rendered":"Homem-Bomba Ataca Tribunal em Islamabad: Dezenas de Mortos e Feridos"},"content":{"rendered":"<p>Um atentado a bomba em Islamabad, capital do Paquist\u00e3o, resultou na morte de pelo menos 12 pessoas nesta ter\u00e7a-feira. A informa\u00e7\u00e3o foi confirmada pelo ministro do Interior, Mohsin Naqvi. O ataque ocorreu nas imedia\u00e7\u00f5es de um tribunal, e h\u00e1 relatos de v\u00e1rios feridos, alguns em estado grave.<\/p>\n<p>O autor do atentado, um homem-bomba, teria tentado acessar o interior do edif\u00edcio do tribunal. Diante da impossibilidade, ele detonou o explosivo do lado de fora, pr\u00f3ximo a um ve\u00edculo policial, ap\u00f3s aguardar por um per\u00edodo estimado entre 10 e 15 minutos, conforme declara\u00e7\u00f5es de Naqvi a jornalistas no local do incidente.<\/p>\n<p>&#8220;Estamos conduzindo uma investiga\u00e7\u00e3o minuciosa sobre este incidente, analisando diferentes perspectivas. A natureza do ataque vai al\u00e9m de um simples atentado a bomba, considerando que ocorreu precisamente em Islamabad&#8221;, enfatizou o ministro.<\/p>\n<p>A explos\u00e3o teve lugar nas proximidades da entrada do tribunal distrital de Islamabad, uma \u00e1rea que normalmente concentra um grande n\u00famero de pessoas. Imagens e v\u00eddeos divulgados pela m\u00eddia local mostram pessoas cobertas de sangue ao lado de uma van da pol\u00edcia, evidenciando a viol\u00eancia do ataque.<\/p>\n<p><em>Fonte: agenciabrasil.ebc.com.br<\/em><\/p>\n","protected":false},"excerpt":{"rendered":"<p>Um atentado a bomba em Islamabad, capital do Paquist\u00e3o, resultou na morte de pelo menos 12 pessoas nesta ter\u00e7a-feira. A informa\u00e7\u00e3o foi confirmada pelo ministro do Interior, Mohsin Naqvi. O ataque ocorreu nas imedia\u00e7\u00f5es de um tribunal, e h\u00e1 relatos de v\u00e1rios feridos, alguns em estado grave. O autor do atentado, um homem-bomba, teria tentado [&hellip;]<\/p>\n","protected":false},"author":1,"featured_media":27879,"comment_status":"open","ping_status":"open","sticky":false,"template":"","format":"standard","meta":{"footnotes":""},"categories":[30],"tags":[150,283,284,285,286],"class_list":{"0":"post-27878","1":"post","2":"type-post","3":"status-publish","4":"format-standard","5":"has-post-thumbnail","7":"category-internacional","8":"tag-ataque","9":"tag-atentado","10":"tag-bomba","11":"tag-islamabad","12":"tag-pessoas"},"_links":{"self":[{"href":"https:\/\/jm-metropole.com.br\/site\/wp-json\/wp\/v2\/posts\/27878","targetHints":{"allow":["GET"]}}],"collection":[{"href":"https:\/\/jm-metropole.com.br\/site\/wp-json\/wp\/v2\/posts"}],"about":[{"href":"https:\/\/jm-metropole.com.br\/site\/wp-json\/wp\/v2\/types\/post"}],"author":[{"embeddable":true,"href":"https:\/\/jm-metropole.com.br\/site\/wp-json\/wp\/v2\/users\/1"}],"replies":[{"embeddable":true,"href":"https:\/\/jm-metropole.com.br\/site\/wp-json\/wp\/v2\/comments?post=27878"}],"version-history":[{"count":1,"href":"https:\/\/jm-metropole.com.br\/site\/wp-json\/wp\/v2\/posts\/27878\/revisions"}],"predecessor-version":[{"id":27880,"href":"https:\/\/jm-metropole.com.br\/site\/wp-json\/wp\/v2\/posts\/27878\/revisions\/27880"}],"wp:featuredmedia":[{"embeddable":true,"href":"https:\/\/jm-metropole.com.br\/site\/wp-json\/wp\/v2\/media\/27879"}],"wp:attachment":[{"href":"https:\/\/jm-metropole.com.br\/site\/wp-json\/wp\/v2\/media?parent=27878"}],"wp:term":[{"taxonomy":"category","embeddable":true,"href":"https:\/\/jm-metropole.com.br\/site\/wp-json\/wp\/v2\/categories?post=27878"},{"taxonomy":"post_tag","embeddable":true,"href":"https:\/\/jm-metropole.com.br\/site\/wp-json\/wp\/v2\/tags?post=27878"}],"curies":[{"name":"wp","href":"https:\/\/api.w.org\/{rel}","templated":true}]}}