{"id":27869,"date":"2025-11-11T08:00:58","date_gmt":"2025-11-11T11:00:58","guid":{"rendered":"https:\/\/jm-metropole.com.br\/site\/reforma-tributaria-brasileira-impulsionara-competitividade-economica-aponta-ocde\/"},"modified":"2025-11-11T08:01:00","modified_gmt":"2025-11-11T11:01:00","slug":"reforma-tributaria-brasileira-impulsionara-competitividade-economica-aponta-ocde","status":"publish","type":"post","link":"https:\/\/jm-metropole.com.br\/site\/reforma-tributaria-brasileira-impulsionara-competitividade-economica-aponta-ocde\/","title":{"rendered":"Reforma Tribut\u00e1ria Brasileira Impulsionar\u00e1 Competitividade Econ\u00f4mica, Aponta OCDE"},"content":{"rendered":"<p>Um estudo rec\u00e9m-divulgado pela Organiza\u00e7\u00e3o para a Coopera\u00e7\u00e3o e Desenvolvimento Econ\u00f4mico (OCDE) sinaliza um futuro promissor para a economia brasileira, com a implementa\u00e7\u00e3o da reforma tribut\u00e1ria. O documento, intitulado &#8220;A Reforma Brasileira do Sistema Tribut\u00e1rio sobre o Consumo&#8221;, detalha como a reforma poder\u00e1 transformar o ambiente de neg\u00f3cios, tornando-o mais competitivo e atraente para investidores.<\/p>\n<p>O relat\u00f3rio enfatiza a introdu\u00e7\u00e3o de um sistema de Imposto sobre Valor Agregado (IVA) moderno, projetado para substituir os cinco principais impostos sobre o consumo atualmente em vigor nos n\u00edveis federal e estadual. Este novo sistema operar\u00e1 como um IVA dual, composto por um IVA federal e um IVA estadual\/municipal, ambos submetidos \u00e0s mesmas regulamenta\u00e7\u00f5es.<\/p>\n<p>O estudo da OCDE destaca que os componentes do sistema dual de IVA seguir\u00e3o as mesmas regras com rela\u00e7\u00e3o \u00e0 defini\u00e7\u00e3o de contribuintes, opera\u00e7\u00f5es tribut\u00e1veis, eventos geradores de impostos, taxas de impostos, isen\u00e7\u00f5es, casos de n\u00e3o tributa\u00e7\u00e3o, cr\u00e9ditos de imposto sobre insumos e regimes espec\u00edficos.<\/p>\n<p>Outro ponto elogiado no documento \u00e9 a uniformidade da base de c\u00e1lculo tanto para o IVA federal quanto para o estadual\/municipal. A OCDE enfatiza que a impossibilidade de altera\u00e7\u00e3o ou ado\u00e7\u00e3o de bases diferentes por parte do governo federal, estados e munic\u00edpios, poder\u00e1 simplificar o sistema atual e eliminar muitas das distor\u00e7\u00f5es existentes.<\/p>\n<p>O estudo conclui ressaltando a import\u00e2ncia de se estabelecer um entendimento padr\u00e3o das normas sobre os dois modelos de IVA para todas as inst\u00e2ncias administrativas, visando o bom funcionamento do novo sistema tribut\u00e1rio. A consist\u00eancia na interpreta\u00e7\u00e3o das normas comuns aplic\u00e1veis aos dois IVAs \u00e9 crucial para o sucesso da reforma tribut\u00e1ria brasileira. Regulamenta\u00e7\u00f5es e interpreta\u00e7\u00f5es individuais por parte dos estados e munic\u00edpios poderiam comprometer o objetivo da reforma.<\/p>\n<p><em>Fonte: agenciabrasil.ebc.com.br<\/em><\/p>\n","protected":false},"excerpt":{"rendered":"<p>Um estudo rec\u00e9m-divulgado pela Organiza\u00e7\u00e3o para a Coopera\u00e7\u00e3o e Desenvolvimento Econ\u00f4mico (OCDE) sinaliza um futuro promissor para a economia brasileira, com a implementa\u00e7\u00e3o da reforma tribut\u00e1ria. O documento, intitulado &#8220;A Reforma Brasileira do Sistema Tribut\u00e1rio sobre o Consumo&#8221;, detalha como a reforma poder\u00e1 transformar o ambiente de neg\u00f3cios, tornando-o mais competitivo e atraente para investidores. [&hellip;]<\/p>\n","protected":false},"author":1,"featured_media":27870,"comment_status":"open","ping_status":"open","sticky":false,"template":"","format":"standard","meta":{"footnotes":""},"categories":[1],"tags":[276,274,158,275,168],"class_list":{"0":"post-27869","1":"post","2":"type-post","3":"status-publish","4":"format-standard","5":"has-post-thumbnail","7":"category-tudo","8":"tag-federal","9":"tag-iva","10":"tag-reforma","11":"tag-sistema","12":"tag-sobre"},"_links":{"self":[{"href":"https:\/\/jm-metropole.com.br\/site\/wp-json\/wp\/v2\/posts\/27869","targetHints":{"allow":["GET"]}}],"collection":[{"href":"https:\/\/jm-metropole.com.br\/site\/wp-json\/wp\/v2\/posts"}],"about":[{"href":"https:\/\/jm-metropole.com.br\/site\/wp-json\/wp\/v2\/types\/post"}],"author":[{"embeddable":true,"href":"https:\/\/jm-metropole.com.br\/site\/wp-json\/wp\/v2\/users\/1"}],"replies":[{"embeddable":true,"href":"https:\/\/jm-metropole.com.br\/site\/wp-json\/wp\/v2\/comments?post=27869"}],"version-history":[{"count":1,"href":"https:\/\/jm-metropole.com.br\/site\/wp-json\/wp\/v2\/posts\/27869\/revisions"}],"predecessor-version":[{"id":27871,"href":"https:\/\/jm-metropole.com.br\/site\/wp-json\/wp\/v2\/posts\/27869\/revisions\/27871"}],"wp:featuredmedia":[{"embeddable":true,"href":"https:\/\/jm-metropole.com.br\/site\/wp-json\/wp\/v2\/media\/27870"}],"wp:attachment":[{"href":"https:\/\/jm-metropole.com.br\/site\/wp-json\/wp\/v2\/media?parent=27869"}],"wp:term":[{"taxonomy":"category","embeddable":true,"href":"https:\/\/jm-metropole.com.br\/site\/wp-json\/wp\/v2\/categories?post=27869"},{"taxonomy":"post_tag","embeddable":true,"href":"https:\/\/jm-metropole.com.br\/site\/wp-json\/wp\/v2\/tags?post=27869"}],"curies":[{"name":"wp","href":"https:\/\/api.w.org\/{rel}","templated":true}]}}