{"id":27827,"date":"2025-11-07T11:00:56","date_gmt":"2025-11-07T14:00:56","guid":{"rendered":"https:\/\/jm-metropole.com.br\/site\/franca-lidera-investimento-bilionario-para-proteger-floresta-do-congo\/"},"modified":"2025-11-07T11:00:58","modified_gmt":"2025-11-07T14:00:58","slug":"franca-lidera-investimento-bilionario-para-proteger-floresta-do-congo","status":"publish","type":"post","link":"https:\/\/jm-metropole.com.br\/site\/franca-lidera-investimento-bilionario-para-proteger-floresta-do-congo\/","title":{"rendered":"Fran\u00e7a Lidera Investimento Bilion\u00e1rio Para Proteger Floresta do Congo"},"content":{"rendered":"<p>Na\u00e7\u00f5es europeias articulam um plano de US$ 2,5 bilh\u00f5es destinado \u00e0 preserva\u00e7\u00e3o da floresta tropical do Congo. A iniciativa, detalhada em um documento, visa impulsionar a conserva\u00e7\u00e3o de um dos mais importantes ecossistemas do planeta.<\/p>\n<p>O projeto, liderado pela Fran\u00e7a e com apoio da Alemanha, Noruega, B\u00e9lgica e Reino Unido, \u00e9 denominado &#8220;The Belem Call for the Forests of the Congo Basin&#8221;. Os pa\u00edses signat\u00e1rios almejam mobilizar recursos significativos para auxiliar na prote\u00e7\u00e3o da segunda maior floresta tropical do mundo. O documento, datado de 6 de novembro, formaliza o compromisso das cinco na\u00e7\u00f5es europeias.<\/p>\n<p>&#8220;Os doadores est\u00e3o se comprometendo a mobilizar mais de US$ 2,5 bilh\u00f5es nos pr\u00f3ximos cinco anos, al\u00e9m dos recursos dom\u00e9sticos que ser\u00e3o mobilizados pelos pa\u00edses da \u00c1frica Central para a prote\u00e7\u00e3o e o gerenciamento sustent\u00e1vel das florestas da Bacia do Congo&#8221;, declara o documento.<\/p>\n<p>Al\u00e9m do financiamento, o plano busca capacitar as na\u00e7\u00f5es africanas na redu\u00e7\u00e3o do desmatamento por meio de tecnologias, treinamento e estabelecimento de parcerias estrat\u00e9gicas.<\/p>\n<p>A iniciativa de prote\u00e7\u00e3o do Congo ocorre em um momento crucial, visto que esta floresta desempenha um papel fundamental na absor\u00e7\u00e3o de gases de efeito estufa.<\/p>\n<p>A floresta do Congo, juntamente com a Amaz\u00f4nia e a bacia de Born\u00e9u-Mekong-Sudeste Asi\u00e1tico, enfrenta desafios significativos como a expans\u00e3o agr\u00edcola, a explora\u00e7\u00e3o madeireira e a minera\u00e7\u00e3o.<\/p>\n<p>A Noruega tamb\u00e9m se comprometeu com US$ 3 bilh\u00f5es para o Fundo Florestas Tropicais para Sempre, enquanto a Fran\u00e7a indicou uma poss\u00edvel contribui\u00e7\u00e3o de at\u00e9 500 milh\u00f5es de euros para o projeto brasileiro.<\/p>\n<p><em>Fonte: agenciabrasil.ebc.com.br<\/em><\/p>\n","protected":false},"excerpt":{"rendered":"<p>Na\u00e7\u00f5es europeias articulam um plano de US$ 2,5 bilh\u00f5es destinado \u00e0 preserva\u00e7\u00e3o da floresta tropical do Congo. A iniciativa, detalhada em um documento, visa impulsionar a conserva\u00e7\u00e3o de um dos mais importantes ecossistemas do planeta. O projeto, liderado pela Fran\u00e7a e com apoio da Alemanha, Noruega, B\u00e9lgica e Reino Unido, \u00e9 denominado &#8220;The Belem Call [&hellip;]<\/p>\n","protected":false},"author":1,"featured_media":27828,"comment_status":"open","ping_status":"open","sticky":false,"template":"","format":"standard","meta":{"footnotes":""},"categories":[30],"tags":[165,228,231,229,230],"class_list":{"0":"post-27827","1":"post","2":"type-post","3":"status-publish","4":"format-standard","5":"has-post-thumbnail","7":"category-internacional","8":"tag-bilhoes","9":"tag-congo","10":"tag-documento","11":"tag-floresta","12":"tag-nacoes"},"_links":{"self":[{"href":"https:\/\/jm-metropole.com.br\/site\/wp-json\/wp\/v2\/posts\/27827","targetHints":{"allow":["GET"]}}],"collection":[{"href":"https:\/\/jm-metropole.com.br\/site\/wp-json\/wp\/v2\/posts"}],"about":[{"href":"https:\/\/jm-metropole.com.br\/site\/wp-json\/wp\/v2\/types\/post"}],"author":[{"embeddable":true,"href":"https:\/\/jm-metropole.com.br\/site\/wp-json\/wp\/v2\/users\/1"}],"replies":[{"embeddable":true,"href":"https:\/\/jm-metropole.com.br\/site\/wp-json\/wp\/v2\/comments?post=27827"}],"version-history":[{"count":1,"href":"https:\/\/jm-metropole.com.br\/site\/wp-json\/wp\/v2\/posts\/27827\/revisions"}],"predecessor-version":[{"id":27829,"href":"https:\/\/jm-metropole.com.br\/site\/wp-json\/wp\/v2\/posts\/27827\/revisions\/27829"}],"wp:featuredmedia":[{"embeddable":true,"href":"https:\/\/jm-metropole.com.br\/site\/wp-json\/wp\/v2\/media\/27828"}],"wp:attachment":[{"href":"https:\/\/jm-metropole.com.br\/site\/wp-json\/wp\/v2\/media?parent=27827"}],"wp:term":[{"taxonomy":"category","embeddable":true,"href":"https:\/\/jm-metropole.com.br\/site\/wp-json\/wp\/v2\/categories?post=27827"},{"taxonomy":"post_tag","embeddable":true,"href":"https:\/\/jm-metropole.com.br\/site\/wp-json\/wp\/v2\/tags?post=27827"}],"curies":[{"name":"wp","href":"https:\/\/api.w.org\/{rel}","templated":true}]}}