{"id":27824,"date":"2025-11-07T08:00:56","date_gmt":"2025-11-07T11:00:56","guid":{"rendered":"https:\/\/jm-metropole.com.br\/site\/lula-deve-sancionar-isencao-do-ir-para-quem-ganha-ate-r-5-mil\/"},"modified":"2025-11-07T08:00:58","modified_gmt":"2025-11-07T11:00:58","slug":"lula-deve-sancionar-isencao-do-ir-para-quem-ganha-ate-r-5-mil","status":"publish","type":"post","link":"https:\/\/jm-metropole.com.br\/site\/lula-deve-sancionar-isencao-do-ir-para-quem-ganha-ate-r-5-mil\/","title":{"rendered":"Lula deve sancionar isen\u00e7\u00e3o do IR para quem ganha at\u00e9 R$ 5 mil"},"content":{"rendered":"<p>O presidente Luiz In\u00e1cio Lula da Silva dever\u00e1 sancionar, a partir do dia 11, o Projeto de Lei n\u00ba 1.087\/2025, aprovado no Congresso Nacional. A medida isenta do imposto de renda quem recebe at\u00e9 R$ 5 mil mensais e reduz as al\u00edquotas para sal\u00e1rios entre R$ 5.000,01 e R$ 7.350. O projeto tamb\u00e9m aumenta a taxa\u00e7\u00e3o de altas rendas, acima de R$ 600 mil anuais, para compensar as perdas com as isen\u00e7\u00f5es.<\/p>\n<p>Analistas de diversos setores preveem que a lei ter\u00e1 potencial redistributivo, impulsionando o consumo, diminuindo o endividamento e impactando positivamente no crescimento da economia. Um economista estima um impulso de 0,15 a 0,2 ponto percentual no Produto Interno Bruto (PIB). C\u00e1lculos indicam que a classe m\u00e9dia poder\u00e1 dispor de mais R$ 350 a R$ 550 mensais, em m\u00e9dia.<\/p>\n<p>Especialistas consideram que a medida pode levar a um aumento no consumo de servi\u00e7os, um setor sens\u00edvel \u00e0 infla\u00e7\u00e3o, mas descartam um aumento vigoroso no pre\u00e7o dos alimentos. A diminui\u00e7\u00e3o da desigualdade econ\u00f4mica \u00e9 vista como um efeito desej\u00e1vel, resgatando o princ\u00edpio constitucional da tributa\u00e7\u00e3o de acordo com a capacidade contributiva.<\/p>\n<p>Um advogado tributarista avalia que a corre\u00e7\u00e3o da tabela do Imposto de Renda \u00e9 um passo importante para a justi\u00e7a fiscal, mas defende medidas estruturais como a tributa\u00e7\u00e3o de lucros e dividendos. Ele critica a isen\u00e7\u00e3o sobre o rendimento de capital dos mais ricos, enquanto o trabalhador paga Imposto de Renda sobre o sal\u00e1rio.<\/p>\n<p>Outro efeito esperado \u00e9 que as fam\u00edlias usem os recursos adicionais para o pagamento de d\u00edvidas. Uma pesquisa recente indicou que oito de cada dez fam\u00edlias possu\u00edam alguma d\u00edvida a vencer.<\/p>\n<p>Analistas tamb\u00e9m preveem que a isen\u00e7\u00e3o do imposto de renda e o aumento da tributa\u00e7\u00e3o sobre os mais ricos ser\u00e3o temas de debate na campanha eleitoral de 2026.<\/p>\n<p><em>Fonte: agenciabrasil.ebc.com.br<\/em><\/p>\n","protected":false},"excerpt":{"rendered":"<p>O presidente Luiz In\u00e1cio Lula da Silva dever\u00e1 sancionar, a partir do dia 11, o Projeto de Lei n\u00ba 1.087\/2025, aprovado no Congresso Nacional. A medida isenta do imposto de renda quem recebe at\u00e9 R$ 5 mil mensais e reduz as al\u00edquotas para sal\u00e1rios entre R$ 5.000,01 e R$ 7.350. O projeto tamb\u00e9m aumenta a [&hellip;]<\/p>\n","protected":false},"author":1,"featured_media":27825,"comment_status":"open","ping_status":"open","sticky":false,"template":"","format":"standard","meta":{"footnotes":""},"categories":[1],"tags":[226,225,105,168,227],"class_list":{"0":"post-27824","1":"post","2":"type-post","3":"status-publish","4":"format-standard","5":"has-post-thumbnail","7":"category-tudo","8":"tag-aumento","9":"tag-imposto","10":"tag-renda","11":"tag-sobre","12":"tag-tributacao"},"_links":{"self":[{"href":"https:\/\/jm-metropole.com.br\/site\/wp-json\/wp\/v2\/posts\/27824","targetHints":{"allow":["GET"]}}],"collection":[{"href":"https:\/\/jm-metropole.com.br\/site\/wp-json\/wp\/v2\/posts"}],"about":[{"href":"https:\/\/jm-metropole.com.br\/site\/wp-json\/wp\/v2\/types\/post"}],"author":[{"embeddable":true,"href":"https:\/\/jm-metropole.com.br\/site\/wp-json\/wp\/v2\/users\/1"}],"replies":[{"embeddable":true,"href":"https:\/\/jm-metropole.com.br\/site\/wp-json\/wp\/v2\/comments?post=27824"}],"version-history":[{"count":1,"href":"https:\/\/jm-metropole.com.br\/site\/wp-json\/wp\/v2\/posts\/27824\/revisions"}],"predecessor-version":[{"id":27826,"href":"https:\/\/jm-metropole.com.br\/site\/wp-json\/wp\/v2\/posts\/27824\/revisions\/27826"}],"wp:featuredmedia":[{"embeddable":true,"href":"https:\/\/jm-metropole.com.br\/site\/wp-json\/wp\/v2\/media\/27825"}],"wp:attachment":[{"href":"https:\/\/jm-metropole.com.br\/site\/wp-json\/wp\/v2\/media?parent=27824"}],"wp:term":[{"taxonomy":"category","embeddable":true,"href":"https:\/\/jm-metropole.com.br\/site\/wp-json\/wp\/v2\/categories?post=27824"},{"taxonomy":"post_tag","embeddable":true,"href":"https:\/\/jm-metropole.com.br\/site\/wp-json\/wp\/v2\/tags?post=27824"}],"curies":[{"name":"wp","href":"https:\/\/api.w.org\/{rel}","templated":true}]}}