{"id":27818,"date":"2025-11-06T18:00:57","date_gmt":"2025-11-06T21:00:57","guid":{"rendered":"https:\/\/jm-metropole.com.br\/site\/isencao-do-imposto-de-renda-aprovada-quem-se-beneficia-e-como-funciona\/"},"modified":"2025-11-06T18:00:59","modified_gmt":"2025-11-06T21:00:59","slug":"isencao-do-imposto-de-renda-aprovada-quem-se-beneficia-e-como-funciona","status":"publish","type":"post","link":"https:\/\/jm-metropole.com.br\/site\/isencao-do-imposto-de-renda-aprovada-quem-se-beneficia-e-como-funciona\/","title":{"rendered":"Isen\u00e7\u00e3o do Imposto de Renda Aprovada: Quem Se Beneficia e Como Funciona"},"content":{"rendered":"<p>O Senado aprovou por unanimidade o Projeto de Lei que amplia a faixa de isen\u00e7\u00e3o do Imposto de Renda, beneficiando trabalhadores que ganham at\u00e9 R$ 5 mil mensais. A aprova\u00e7\u00e3o, ocorrida nesta quarta-feira, encaminha o texto para san\u00e7\u00e3o, ap\u00f3s ter sido aprovado pela C\u00e2mara em outubro e enviado pelo governo federal em mar\u00e7o.<\/p>\n<p>A expectativa \u00e9 que a san\u00e7\u00e3o ocorra em breve, permitindo que a isen\u00e7\u00e3o entre em vigor j\u00e1 no pr\u00f3ximo ano. A principal altera\u00e7\u00e3o \u00e9 a isen\u00e7\u00e3o para quem recebe at\u00e9 R$ 5 mil por m\u00eas e o aumento da taxa\u00e7\u00e3o para os contribuintes de renda mais alta.<\/p>\n<p>Estima-se que cerca de 25 milh\u00f5es de brasileiros pagar\u00e3o menos impostos, enquanto aproximadamente 200 mil contribuintes enfrentar\u00e3o um aumento na tributa\u00e7\u00e3o.<\/p>\n<p>Atualmente, a isen\u00e7\u00e3o do IR beneficia apenas quem ganha at\u00e9 R$ 3.076. A nova legisla\u00e7\u00e3o ampliar\u00e1 essa isen\u00e7\u00e3o para rendimentos mensais de at\u00e9 R$ 5 mil a partir de janeiro do pr\u00f3ximo ano.<\/p>\n<p>Para aqueles que recebem entre R$ 5.000,01 e R$ 7.350, haver\u00e1 uma redu\u00e7\u00e3o parcial dos valores a serem pagos, sendo a redu\u00e7\u00e3o maior para quem ganha menos. Contribuintes com rendimentos superiores a R$ 7.350 n\u00e3o ser\u00e3o afetados positivamente pela medida.<\/p>\n<p>Para compensar a perda de arrecada\u00e7\u00e3o, o projeto introduz uma al\u00edquota extra progressiva de at\u00e9 10% para aqueles que recebem mais de R$ 600 mil por ano (R$ 50 mil por m\u00eas). O texto tamb\u00e9m estabelece a tributa\u00e7\u00e3o para lucros e dividendos remetidos para o exterior com al\u00edquota de 10%.<\/p>\n<p>A nova regra entrar\u00e1 em vigor a partir do pr\u00f3ximo ano, caso seja sancionada at\u00e9 o dia 11. A sinaliza\u00e7\u00e3o do governo \u00e9 de que a medida ser\u00e1 sancionada at\u00e9 essa data.<\/p>\n<p>Assim, a partir de janeiro de 2026, quem ganha at\u00e9 R$ 5 mil n\u00e3o ter\u00e1 o imposto descontado e quem ganha at\u00e9 R$ 7.350 pagar\u00e1 menos. A isen\u00e7\u00e3o ter\u00e1 impacto na declara\u00e7\u00e3o do IRPF 2027, referente ao ano-base 2026.<\/p>\n<p><em>Fonte: agenciabrasil.ebc.com.br<\/em><\/p>\n","protected":false},"excerpt":{"rendered":"<p>O Senado aprovou por unanimidade o Projeto de Lei que amplia a faixa de isen\u00e7\u00e3o do Imposto de Renda, beneficiando trabalhadores que ganham at\u00e9 R$ 5 mil mensais. A aprova\u00e7\u00e3o, ocorrida nesta quarta-feira, encaminha o texto para san\u00e7\u00e3o, ap\u00f3s ter sido aprovado pela C\u00e2mara em outubro e enviado pelo governo federal em mar\u00e7o. A expectativa [&hellip;]<\/p>\n","protected":false},"author":1,"featured_media":27819,"comment_status":"open","ping_status":"open","sticky":false,"template":"","format":"standard","meta":{"footnotes":""},"categories":[1],"tags":[188,218,216,68,219],"class_list":{"0":"post-27818","1":"post","2":"type-post","3":"status-publish","4":"format-standard","5":"has-post-thumbnail","7":"category-tudo","8":"tag-ano","9":"tag-ate","10":"tag-isencao","11":"tag-mil","12":"tag-quem"},"_links":{"self":[{"href":"https:\/\/jm-metropole.com.br\/site\/wp-json\/wp\/v2\/posts\/27818","targetHints":{"allow":["GET"]}}],"collection":[{"href":"https:\/\/jm-metropole.com.br\/site\/wp-json\/wp\/v2\/posts"}],"about":[{"href":"https:\/\/jm-metropole.com.br\/site\/wp-json\/wp\/v2\/types\/post"}],"author":[{"embeddable":true,"href":"https:\/\/jm-metropole.com.br\/site\/wp-json\/wp\/v2\/users\/1"}],"replies":[{"embeddable":true,"href":"https:\/\/jm-metropole.com.br\/site\/wp-json\/wp\/v2\/comments?post=27818"}],"version-history":[{"count":1,"href":"https:\/\/jm-metropole.com.br\/site\/wp-json\/wp\/v2\/posts\/27818\/revisions"}],"predecessor-version":[{"id":27820,"href":"https:\/\/jm-metropole.com.br\/site\/wp-json\/wp\/v2\/posts\/27818\/revisions\/27820"}],"wp:featuredmedia":[{"embeddable":true,"href":"https:\/\/jm-metropole.com.br\/site\/wp-json\/wp\/v2\/media\/27819"}],"wp:attachment":[{"href":"https:\/\/jm-metropole.com.br\/site\/wp-json\/wp\/v2\/media?parent=27818"}],"wp:term":[{"taxonomy":"category","embeddable":true,"href":"https:\/\/jm-metropole.com.br\/site\/wp-json\/wp\/v2\/categories?post=27818"},{"taxonomy":"post_tag","embeddable":true,"href":"https:\/\/jm-metropole.com.br\/site\/wp-json\/wp\/v2\/tags?post=27818"}],"curies":[{"name":"wp","href":"https:\/\/api.w.org\/{rel}","templated":true}]}}