{"id":27815,"date":"2025-11-06T12:01:09","date_gmt":"2025-11-06T15:01:09","guid":{"rendered":"https:\/\/jm-metropole.com.br\/site\/isencao-do-ir-ate-r5-mil-sindicatos-celebram-vitoria-historica-dos-trabalhadores\/"},"modified":"2025-11-06T12:01:12","modified_gmt":"2025-11-06T15:01:12","slug":"isencao-do-ir-ate-r5-mil-sindicatos-celebram-vitoria-historica-dos-trabalhadores","status":"publish","type":"post","link":"https:\/\/jm-metropole.com.br\/site\/isencao-do-ir-ate-r5-mil-sindicatos-celebram-vitoria-historica-dos-trabalhadores\/","title":{"rendered":"Isen\u00e7\u00e3o do IR at\u00e9 R$5 mil: Sindicatos celebram &#8220;vit\u00f3ria hist\u00f3rica&#8221; dos trabalhadores"},"content":{"rendered":"<p>Centrais sindicais como a Central \u00danica dos Trabalhadores (CUT) e a For\u00e7a Sindical manifestaram grande satisfa\u00e7\u00e3o com o avan\u00e7o da isen\u00e7\u00e3o do Imposto de Renda para trabalhadores que recebem at\u00e9 R$ 5 mil. As entidades classificam a medida, aprovada tanto na C\u00e2mara quanto no Senado, como uma conquista hist\u00f3rica, fruto da luta do movimento sindical e dos trabalhadores em geral. A mat\u00e9ria segue agora para a san\u00e7\u00e3o presidencial.<\/p>\n<p>A CUT enfatizou que a isen\u00e7\u00e3o dever\u00e1 beneficiar mais de 20 milh\u00f5es de brasileiros. A central sindical defende ainda a taxa\u00e7\u00e3o da parcela mais rica da popula\u00e7\u00e3o, visando compensar a estimativa de R$ 25,84 bilh\u00f5es anuais que, segundo o Minist\u00e9rio da Fazenda, deixar\u00e3o de ser arrecadados com a amplia\u00e7\u00e3o da faixa de isen\u00e7\u00e3o.<\/p>\n<p>&#8220;\u00c9 mais uma grande e hist\u00f3rica vit\u00f3ria do movimento sindical para os trabalhadores e trabalhadoras&#8221;, afirmou o presidente da For\u00e7a Sindical, Miguel Torres, em nota, ao comentar a aprova\u00e7\u00e3o no Senado. Ele complementou que a medida demonstra a relev\u00e2ncia do movimento para a sociedade brasileira e para o desenvolvimento do pa\u00eds, rumo \u00e0 justi\u00e7a tribut\u00e1ria e social.<\/p>\n<p>Na ocasi\u00e3o da aprova\u00e7\u00e3o pela C\u00e2mara, o presidente nacional da CUT, S\u00e9rgio Nobre, declarou que a isen\u00e7\u00e3o representa uma vit\u00f3ria hist\u00f3rica da classe trabalhadora. &#8220;A gente vem h\u00e1 muitos anos com a bandeira da justi\u00e7a tribut\u00e1ria, denunciando que os ricos praticamente n\u00e3o pagam imposto, enquanto quem paga de verdade \u00e9 a classe trabalhadora&#8221;, disse Nobre.<\/p>\n<p>A For\u00e7a Sindical ressaltou que, embora a proposta tenha sido encaminhada ao Congresso Nacional pelo governo, sua aprova\u00e7\u00e3o s\u00f3 foi poss\u00edvel ap\u00f3s intensa mobiliza\u00e7\u00e3o popular. &#8220;Diversas vezes, l\u00edderes sindicais da For\u00e7a e demais centrais debateram e dialogaram com lideran\u00e7as pol\u00edticas cobrando a aprova\u00e7\u00e3o dessa medida, que s\u00f3 ir\u00e1 trazer benef\u00edcios para a sociedade&#8221;, pontua a nota da entidade.<\/p>\n<p><em>Fonte: agenciabrasil.ebc.com.br<\/em><\/p>\n","protected":false},"excerpt":{"rendered":"<p>Centrais sindicais como a Central \u00danica dos Trabalhadores (CUT) e a For\u00e7a Sindical manifestaram grande satisfa\u00e7\u00e3o com o avan\u00e7o da isen\u00e7\u00e3o do Imposto de Renda para trabalhadores que recebem at\u00e9 R$ 5 mil. As entidades classificam a medida, aprovada tanto na C\u00e2mara quanto no Senado, como uma conquista hist\u00f3rica, fruto da luta do movimento sindical [&hellip;]<\/p>\n","protected":false},"author":1,"featured_media":27816,"comment_status":"open","ping_status":"open","sticky":false,"template":"","format":"standard","meta":{"footnotes":""},"categories":[1],"tags":[217,215,216,213,214],"class_list":{"0":"post-27815","1":"post","2":"type-post","3":"status-publish","4":"format-standard","5":"has-post-thumbnail","7":"category-tudo","8":"tag-aprovacao","9":"tag-forca","10":"tag-isencao","11":"tag-sindical","12":"tag-trabalhadores"},"_links":{"self":[{"href":"https:\/\/jm-metropole.com.br\/site\/wp-json\/wp\/v2\/posts\/27815","targetHints":{"allow":["GET"]}}],"collection":[{"href":"https:\/\/jm-metropole.com.br\/site\/wp-json\/wp\/v2\/posts"}],"about":[{"href":"https:\/\/jm-metropole.com.br\/site\/wp-json\/wp\/v2\/types\/post"}],"author":[{"embeddable":true,"href":"https:\/\/jm-metropole.com.br\/site\/wp-json\/wp\/v2\/users\/1"}],"replies":[{"embeddable":true,"href":"https:\/\/jm-metropole.com.br\/site\/wp-json\/wp\/v2\/comments?post=27815"}],"version-history":[{"count":1,"href":"https:\/\/jm-metropole.com.br\/site\/wp-json\/wp\/v2\/posts\/27815\/revisions"}],"predecessor-version":[{"id":27817,"href":"https:\/\/jm-metropole.com.br\/site\/wp-json\/wp\/v2\/posts\/27815\/revisions\/27817"}],"wp:featuredmedia":[{"embeddable":true,"href":"https:\/\/jm-metropole.com.br\/site\/wp-json\/wp\/v2\/media\/27816"}],"wp:attachment":[{"href":"https:\/\/jm-metropole.com.br\/site\/wp-json\/wp\/v2\/media?parent=27815"}],"wp:term":[{"taxonomy":"category","embeddable":true,"href":"https:\/\/jm-metropole.com.br\/site\/wp-json\/wp\/v2\/categories?post=27815"},{"taxonomy":"post_tag","embeddable":true,"href":"https:\/\/jm-metropole.com.br\/site\/wp-json\/wp\/v2\/tags?post=27815"}],"curies":[{"name":"wp","href":"https:\/\/api.w.org\/{rel}","templated":true}]}}